{"id":4778,"date":"2022-03-07T13:28:41","date_gmt":"2022-03-07T12:28:41","guid":{"rendered":"http:\/\/www.areabesos.com\/diario\/?p=4778"},"modified":"2022-03-07T13:28:41","modified_gmt":"2022-03-07T12:28:41","slug":"el-projecte-cartografies-de-memories-dona-veu-a-joves-immigrants-no-acompanyats","status":"publish","type":"post","link":"https:\/\/www.areabesos.com\/diario\/el-projecte-cartografies-de-memories-dona-veu-a-joves-immigrants-no-acompanyats\/","title":{"rendered":"El projecte Cartografies de Mem\u00f2ries dona veu a joves immigrants no acompanyats"},"content":{"rendered":"\n<p>El projecte podcast Cartografies de mem\u00f2ries forma part del programa que el Museu d\u2019Hist\u00f2ria de la Immigraci\u00f3 de Catalunya va organitzar amb un grup de joves migrants, residents en un centre d\u2019acollida de Catalunya, durant la tardor del 2021. El proper dijous, 10 de mar\u00e7, a les 17.30 h tindr\u00e0 lloc la presentaci\u00f3 d\u2019aquesta proposta al MhiC.<\/p>\n\n\n\n<p>L\u2019objectiu de Cartografies de mem\u00f2ries \u00e9s esdevenir un altaveu pels joves immigrants no acompanyats. La iniciativa aplega un conjunt d\u2019audios (5 podcast) on aquest grup de joves \u00e9s protagonista i autor del relat del museu: els nois narren la seva visita al MhiC, coneixen la hist\u00f2ria de les migracions internes del s. XX dins del vag\u00f3 el Sevillano i tamb\u00e9 aporten les seves pr\u00f2pies veus i testimonis a l\u2019Espai Migrar.<\/p>\n\n\n\n<p>Els podcasts es van enregistrar en un seguit de tallers de radio en els quals van participar els joves entre els mesos de setembre a desembre de 2021, organitzats pel MhiC amb la col.laboraci\u00f3 de la productora GediMedia. En el marc de la presentaci\u00f3 del projecte, tamb\u00e9 es far\u00e0 el lliurament del certificats de participaci\u00f3 en els tallers.<\/p>\n\n\n\n<p>Aquest projecte forma part de les propostes que es presenten a la comissi\u00f3 de museus i salut del Departament de Cultura de la Generalitat<\/p>\n","protected":false},"excerpt":{"rendered":"<p>El projecte podcast Cartografies de mem\u00f2ries forma part del programa que el Museu d\u2019Hist\u00f2ria de la Immigraci\u00f3 de Catalunya va organitzar amb un grup de joves migrants, residents en un centre d\u2019acollida de Catalunya, durant la tardor del 2021. El proper dijous, 10 de mar\u00e7, a les 17.30 h tindr\u00e0 lloc la presentaci\u00f3 d\u2019aquesta proposta [&hellip;]<\/p>\n","protected":false},"author":2,"featured_media":4779,"comment_status":"open","ping_status":"open","sticky":false,"template":"","format":"standard","meta":{"footnotes":""},"categories":[134],"tags":[],"class_list":{"0":"post-4778","1":"post","2":"type-post","3":"status-publish","4":"format-standard","5":"has-post-thumbnail","7":"category-actualitat"},"_links":{"self":[{"href":"https:\/\/www.areabesos.com\/diario\/wp-json\/wp\/v2\/posts\/4778","targetHints":{"allow":["GET"]}}],"collection":[{"href":"https:\/\/www.areabesos.com\/diario\/wp-json\/wp\/v2\/posts"}],"about":[{"href":"https:\/\/www.areabesos.com\/diario\/wp-json\/wp\/v2\/types\/post"}],"author":[{"embeddable":true,"href":"https:\/\/www.areabesos.com\/diario\/wp-json\/wp\/v2\/users\/2"}],"replies":[{"embeddable":true,"href":"https:\/\/www.areabesos.com\/diario\/wp-json\/wp\/v2\/comments?post=4778"}],"version-history":[{"count":1,"href":"https:\/\/www.areabesos.com\/diario\/wp-json\/wp\/v2\/posts\/4778\/revisions"}],"predecessor-version":[{"id":4780,"href":"https:\/\/www.areabesos.com\/diario\/wp-json\/wp\/v2\/posts\/4778\/revisions\/4780"}],"wp:featuredmedia":[{"embeddable":true,"href":"https:\/\/www.areabesos.com\/diario\/wp-json\/wp\/v2\/media\/4779"}],"wp:attachment":[{"href":"https:\/\/www.areabesos.com\/diario\/wp-json\/wp\/v2\/media?parent=4778"}],"wp:term":[{"taxonomy":"category","embeddable":true,"href":"https:\/\/www.areabesos.com\/diario\/wp-json\/wp\/v2\/categories?post=4778"},{"taxonomy":"post_tag","embeddable":true,"href":"https:\/\/www.areabesos.com\/diario\/wp-json\/wp\/v2\/tags?post=4778"}],"curies":[{"name":"wp","href":"https:\/\/api.w.org\/{rel}","templated":true}]}}