{"id":4774,"date":"2022-03-04T13:09:29","date_gmt":"2022-03-04T12:09:29","guid":{"rendered":"http:\/\/www.areabesos.com\/diario\/?p=4774"},"modified":"2022-03-04T13:09:30","modified_gmt":"2022-03-04T12:09:30","slug":"la-coeducacio-protagonitza-el-8-de-marc-dia-internacional-de-les-dones","status":"publish","type":"post","link":"https:\/\/www.areabesos.com\/diario\/la-coeducacio-protagonitza-el-8-de-marc-dia-internacional-de-les-dones\/","title":{"rendered":"La coeducaci\u00f3 protagonitza el 8 de Mar\u00e7, Dia Internacional de les Dones"},"content":{"rendered":"\n<p>Sant Adri\u00e0 celebra un any m\u00e9s el 8 de Mar\u00e7, Dia Internacional de les Dones, que enguany amb el lema <em>Coeduquem. Travessant els murs de la desigualtat<\/em>, posa l\u2019ull en una educaci\u00f3 que potenci\u00ef la igualtat real d\u2019oportunitats i valori de la mateixa manera l\u2019experi\u00e8ncia, les aptituds i l\u2019aportaci\u00f3 social i cultural de dones i homes.<\/p>\n\n\n\n<p>El concepte de coeducaci\u00f3 estar\u00e0 present en una bona part de les activitats del programa del 8 M d\u2019enguany, en el qual cal destacar la Jornada de Coeducaci\u00f3 que se celebrar\u00e0 el 15 de mar\u00e7 on, a m\u00e9s d\u2019una xerrada, es presentar\u00e0 la Xarxa de coeducaci\u00f3 de Sant Adri\u00e0.<\/p>\n\n\n\n<p>Una novetat important en aquesta edici\u00f3 \u00e9s la participaci\u00f3 de la ciutadania en el contingut del Manifest del 8 de mar\u00e7, que es llegir\u00e0 en els actes centrals del Dia Internacional de les Dones. A m\u00e9s a m\u00e9s, el CIOD organitza tot un seguit de tallers centrats en la dona i els recursos personals que podeu consultar tamb\u00e9 en el programa.<\/p>\n\n\n\n<div><a href=\"https:\/\/www.areabesos.com\/diario\/wp-content\/uploads\/2022\/03\/Programa8M-1024x724.jpg\" class=\"td-modal-image\"><figure class=\"wp-block-image size-large\"><img loading=\"lazy\" decoding=\"async\" width=\"1024\" height=\"724\" src=\"https:\/\/www.areabesos.com\/diario\/wp-content\/uploads\/2022\/03\/Programa8M-1024x724.jpg\" alt=\"\" class=\"wp-image-4775\" srcset=\"https:\/\/www.areabesos.com\/diario\/wp-content\/uploads\/2022\/03\/Programa8M-1024x724.jpg 1024w, https:\/\/www.areabesos.com\/diario\/wp-content\/uploads\/2022\/03\/Programa8M-300x212.jpg 300w, https:\/\/www.areabesos.com\/diario\/wp-content\/uploads\/2022\/03\/Programa8M-768x543.jpg 768w, https:\/\/www.areabesos.com\/diario\/wp-content\/uploads\/2022\/03\/Programa8M-150x106.jpg 150w, https:\/\/www.areabesos.com\/diario\/wp-content\/uploads\/2022\/03\/Programa8M-696x492.jpg 696w, https:\/\/www.areabesos.com\/diario\/wp-content\/uploads\/2022\/03\/Programa8M-1068x755.jpg 1068w, https:\/\/www.areabesos.com\/diario\/wp-content\/uploads\/2022\/03\/Programa8M.jpg 1200w\" sizes=\"auto, (max-width: 1024px) 100vw, 1024px\" \/><\/figure><\/a><\/div>\n","protected":false},"excerpt":{"rendered":"<p>Sant Adri\u00e0 celebra un any m\u00e9s el 8 de Mar\u00e7, Dia Internacional de les Dones, que enguany amb el lema Coeduquem. Travessant els murs de la desigualtat, posa l\u2019ull en una educaci\u00f3 que potenci\u00ef la igualtat real d\u2019oportunitats i valori de la mateixa manera l\u2019experi\u00e8ncia, les aptituds i l\u2019aportaci\u00f3 social i cultural de dones i [&hellip;]<\/p>\n","protected":false},"author":2,"featured_media":4776,"comment_status":"open","ping_status":"open","sticky":false,"template":"","format":"standard","meta":{"footnotes":""},"categories":[134,135],"tags":[],"class_list":{"0":"post-4774","1":"post","2":"type-post","3":"status-publish","4":"format-standard","5":"has-post-thumbnail","7":"category-actualitat","8":"category-societat"},"_links":{"self":[{"href":"https:\/\/www.areabesos.com\/diario\/wp-json\/wp\/v2\/posts\/4774","targetHints":{"allow":["GET"]}}],"collection":[{"href":"https:\/\/www.areabesos.com\/diario\/wp-json\/wp\/v2\/posts"}],"about":[{"href":"https:\/\/www.areabesos.com\/diario\/wp-json\/wp\/v2\/types\/post"}],"author":[{"embeddable":true,"href":"https:\/\/www.areabesos.com\/diario\/wp-json\/wp\/v2\/users\/2"}],"replies":[{"embeddable":true,"href":"https:\/\/www.areabesos.com\/diario\/wp-json\/wp\/v2\/comments?post=4774"}],"version-history":[{"count":1,"href":"https:\/\/www.areabesos.com\/diario\/wp-json\/wp\/v2\/posts\/4774\/revisions"}],"predecessor-version":[{"id":4777,"href":"https:\/\/www.areabesos.com\/diario\/wp-json\/wp\/v2\/posts\/4774\/revisions\/4777"}],"wp:featuredmedia":[{"embeddable":true,"href":"https:\/\/www.areabesos.com\/diario\/wp-json\/wp\/v2\/media\/4776"}],"wp:attachment":[{"href":"https:\/\/www.areabesos.com\/diario\/wp-json\/wp\/v2\/media?parent=4774"}],"wp:term":[{"taxonomy":"category","embeddable":true,"href":"https:\/\/www.areabesos.com\/diario\/wp-json\/wp\/v2\/categories?post=4774"},{"taxonomy":"post_tag","embeddable":true,"href":"https:\/\/www.areabesos.com\/diario\/wp-json\/wp\/v2\/tags?post=4774"}],"curies":[{"name":"wp","href":"https:\/\/api.w.org\/{rel}","templated":true}]}}