{"id":4768,"date":"2022-03-03T11:38:46","date_gmt":"2022-03-03T10:38:46","guid":{"rendered":"http:\/\/www.areabesos.com\/diario\/?p=4768"},"modified":"2022-03-03T11:38:47","modified_gmt":"2022-03-03T10:38:47","slug":"el-consistori-adrianenc-inicia-una-campanya-dajuda-solidaria-amb-ucrania","status":"publish","type":"post","link":"https:\/\/www.areabesos.com\/diario\/el-consistori-adrianenc-inicia-una-campanya-dajuda-solidaria-amb-ucrania\/","title":{"rendered":"El consistori adrianenc inicia una campanya d&#8217;ajuda solid\u00e0ria amb Ucran\u00efa"},"content":{"rendered":"\n<p>L&#8217;Ajuntament de Sant Adri\u00e0 de Bes\u00f2s ha habilitat tres punts de recollida de material solidari per enviar a Ucra\u00efna. S\u00f3n el Centre de Producci\u00f3 Cultural i Juvenil Polidor, de 9 a 14 h. i de 16.30 a 21 h.; la Biblioteca Font de la Mina, els dimarts i dijous, de 10 a 13.30 h., els dissabtes de 10 a 14 h. i totes les tardes de 15.30 a 20.30 h.; i el Centre Cultural Bes\u00f2s, de dilluns a dijous, de 17 a 21 hores. <\/p>\n\n\n\n<p>En el seu compte de Twitter, l&#8217;alcaldessa Filo Ca\u00f1ete, informa del material que es necessita, com ara medicamentes i estris de primers auxilis (antibi\u00f2tics, analg\u00e8sics, Celox, pomades analg\u00e8siques i antibi\u00f2tiques, pomades regeneradores per la pell, aigua oxigenada, betadine, embenatges, bolquers, mascaretes, gel hidroalcoh\u00f2lic), menjar (conserves en llauna, barretes energ\u00e8tiques, galetes, t\u00e9, caf\u00e9; en general aliments no peribles llestos per a consumir), i altres materials com roba d&#8217;abric, mantes, coixins, tovalloles, detergents, productes d&#8217;higiene personal, etc. <\/p>\n\n\n\n<p>La campanya estar\u00e0 oberta des d&#8217;avui, 3 de mar\u00e7, fins el dia 11. <\/p>\n","protected":false},"excerpt":{"rendered":"<p>L&#8217;Ajuntament de Sant Adri\u00e0 de Bes\u00f2s ha habilitat tres punts de recollida de material solidari per enviar a Ucra\u00efna. S\u00f3n el Centre de Producci\u00f3 Cultural i Juvenil Polidor, de 9 a 14 h. i de 16.30 a 21 h.; la Biblioteca Font de la Mina, els dimarts i dijous, de 10 a 13.30 h., els [&hellip;]<\/p>\n","protected":false},"author":1,"featured_media":4769,"comment_status":"open","ping_status":"open","sticky":false,"template":"","format":"standard","meta":{"footnotes":""},"categories":[134,135],"tags":[],"class_list":{"0":"post-4768","1":"post","2":"type-post","3":"status-publish","4":"format-standard","5":"has-post-thumbnail","7":"category-actualitat","8":"category-societat"},"_links":{"self":[{"href":"https:\/\/www.areabesos.com\/diario\/wp-json\/wp\/v2\/posts\/4768","targetHints":{"allow":["GET"]}}],"collection":[{"href":"https:\/\/www.areabesos.com\/diario\/wp-json\/wp\/v2\/posts"}],"about":[{"href":"https:\/\/www.areabesos.com\/diario\/wp-json\/wp\/v2\/types\/post"}],"author":[{"embeddable":true,"href":"https:\/\/www.areabesos.com\/diario\/wp-json\/wp\/v2\/users\/1"}],"replies":[{"embeddable":true,"href":"https:\/\/www.areabesos.com\/diario\/wp-json\/wp\/v2\/comments?post=4768"}],"version-history":[{"count":1,"href":"https:\/\/www.areabesos.com\/diario\/wp-json\/wp\/v2\/posts\/4768\/revisions"}],"predecessor-version":[{"id":4770,"href":"https:\/\/www.areabesos.com\/diario\/wp-json\/wp\/v2\/posts\/4768\/revisions\/4770"}],"wp:featuredmedia":[{"embeddable":true,"href":"https:\/\/www.areabesos.com\/diario\/wp-json\/wp\/v2\/media\/4769"}],"wp:attachment":[{"href":"https:\/\/www.areabesos.com\/diario\/wp-json\/wp\/v2\/media?parent=4768"}],"wp:term":[{"taxonomy":"category","embeddable":true,"href":"https:\/\/www.areabesos.com\/diario\/wp-json\/wp\/v2\/categories?post=4768"},{"taxonomy":"post_tag","embeddable":true,"href":"https:\/\/www.areabesos.com\/diario\/wp-json\/wp\/v2\/tags?post=4768"}],"curies":[{"name":"wp","href":"https:\/\/api.w.org\/{rel}","templated":true}]}}