{"id":4765,"date":"2022-02-24T10:48:00","date_gmt":"2022-02-24T09:48:00","guid":{"rendered":"http:\/\/www.areabesos.com\/diario\/?p=4765"},"modified":"2022-03-03T10:49:38","modified_gmt":"2022-03-03T09:49:38","slug":"sant-adria-millorara-la-seguretat-del-parc-del-besos","status":"publish","type":"post","link":"https:\/\/www.areabesos.com\/diario\/sant-adria-millorara-la-seguretat-del-parc-del-besos\/","title":{"rendered":"Sant Adri\u00e0 millorar\u00e0 la seguretat del parc del Bes\u00f2s"},"content":{"rendered":"\n<p>L\u2019Ajuntament amb la col\u00b7laboraci\u00f3 de l\u2019\u00c0rea Metropolitana de Barcelona (AMB) tancar\u00e0 el parc del Bes\u00f2s per tal de millorar la seguretat de l\u2019espai.<\/p>\n\n\n\n<p>La proposta \u00e9s instal\u00b7lar una tanca met\u00e0l\u00b7lica a tot el per\u00edmetre obert del parc amb una al\u00e7ada suficient per impedir el pas per\u00f2 amb un disseny el m\u00e9s transparent possible per minimitzar l\u2019 impacte visual, i amb diferents punts d\u2019acc\u00e9s.<\/p>\n\n\n\n<p>Les entrades al parc es tancaran amb m\u00f2duls i portes acabades amb llistons de fusta que es diferenciaran de la resta i s\u2019identificaran f\u00e0cilment com a punts d\u2019acc\u00e9s al parc. La fa\u00e7ana de la ronda de Sant Ramon de Penyafort comptar\u00e0 amb una nova entrada amb 3 portes.<\/p>\n\n\n\n<p>L\u2019espai d\u2019intervenci\u00f3 ser\u00e0 de 864 ml (lineals) i ocupar\u00e0 les tres fa\u00e7anes del parc, excepte la que dona a la via del tren que ja disposa d\u2019una tanca. En concret seran 777 ml de tanca de rodons met\u00e0l\u00b7lics, 61,3 ml de tanca d\u2019acabat de llistons de fusta i 25\u20197 m d\u2019espai de portes.<\/p>\n\n\n\n<p>El pressupost m\u00e0xim (pressupost de licitaci\u00f3) d\u2019aquesta intervenci\u00f3 es de 404.328 euros, i est\u00e0 previst que l\u2019actuaci\u00f3 s\u2019executi durant l\u2019\u00faltim trimestre d\u2019aquest any 2022.<\/p>\n","protected":false},"excerpt":{"rendered":"<p>L\u2019Ajuntament amb la col\u00b7laboraci\u00f3 de l\u2019\u00c0rea Metropolitana de Barcelona (AMB) tancar\u00e0 el parc del Bes\u00f2s per tal de millorar la seguretat de l\u2019espai. La proposta \u00e9s instal\u00b7lar una tanca met\u00e0l\u00b7lica a tot el per\u00edmetre obert del parc amb una al\u00e7ada suficient per impedir el pas per\u00f2 amb un disseny el m\u00e9s transparent possible per minimitzar [&hellip;]<\/p>\n","protected":false},"author":2,"featured_media":4766,"comment_status":"open","ping_status":"open","sticky":false,"template":"","format":"standard","meta":{"footnotes":""},"categories":[134],"tags":[],"class_list":{"0":"post-4765","1":"post","2":"type-post","3":"status-publish","4":"format-standard","5":"has-post-thumbnail","7":"category-actualitat"},"_links":{"self":[{"href":"https:\/\/www.areabesos.com\/diario\/wp-json\/wp\/v2\/posts\/4765","targetHints":{"allow":["GET"]}}],"collection":[{"href":"https:\/\/www.areabesos.com\/diario\/wp-json\/wp\/v2\/posts"}],"about":[{"href":"https:\/\/www.areabesos.com\/diario\/wp-json\/wp\/v2\/types\/post"}],"author":[{"embeddable":true,"href":"https:\/\/www.areabesos.com\/diario\/wp-json\/wp\/v2\/users\/2"}],"replies":[{"embeddable":true,"href":"https:\/\/www.areabesos.com\/diario\/wp-json\/wp\/v2\/comments?post=4765"}],"version-history":[{"count":1,"href":"https:\/\/www.areabesos.com\/diario\/wp-json\/wp\/v2\/posts\/4765\/revisions"}],"predecessor-version":[{"id":4767,"href":"https:\/\/www.areabesos.com\/diario\/wp-json\/wp\/v2\/posts\/4765\/revisions\/4767"}],"wp:featuredmedia":[{"embeddable":true,"href":"https:\/\/www.areabesos.com\/diario\/wp-json\/wp\/v2\/media\/4766"}],"wp:attachment":[{"href":"https:\/\/www.areabesos.com\/diario\/wp-json\/wp\/v2\/media?parent=4765"}],"wp:term":[{"taxonomy":"category","embeddable":true,"href":"https:\/\/www.areabesos.com\/diario\/wp-json\/wp\/v2\/categories?post=4765"},{"taxonomy":"post_tag","embeddable":true,"href":"https:\/\/www.areabesos.com\/diario\/wp-json\/wp\/v2\/tags?post=4765"}],"curies":[{"name":"wp","href":"https:\/\/api.w.org\/{rel}","templated":true}]}}