{"id":4758,"date":"2022-02-26T12:03:00","date_gmt":"2022-02-26T11:03:00","guid":{"rendered":"http:\/\/www.areabesos.com\/diario\/?p=4758"},"modified":"2022-02-28T12:04:21","modified_gmt":"2022-02-28T11:04:21","slug":"muchos-pidiendo-a-feijoo-que-salve-al-pp","status":"publish","type":"post","link":"https:\/\/www.areabesos.com\/diario\/muchos-pidiendo-a-feijoo-que-salve-al-pp\/","title":{"rendered":"Muchos pidiendo  a Feij\u00f3o que salve al PP"},"content":{"rendered":"\n<p>Aunque esto va de la guerra interna que hay en el PP, con o sin permiso de Putin dir\u00e9 que en la de Ucrania \u00e9l ha sido el primero en disparar y, por tanto, tambi\u00e9n culpable de los muertos. Pero no debemos olvidar que Javier Solana dijo algo que s\u00f3lo algunos medios osaron destacar el 21 de febrero: \u201cVivimos las consecuencias de sugerir que Ucrania entrar\u00eda en la OTAN\u201d.<\/p>\n\n\n\n<p>Mientras seguimos a la espera de que el ex de la OTAN traduzca \u201csugerir\u201d teniendo en cuenta que hace once meses Joe Biden llam\u00f3 \u201casesino\u201d a Putin, sobre la \u201cguerra\u201d en el PP no consigo recordar un relevo en el liderazgo de un partido que haya concitado tanto y tan desesperado consenso entre los medios de comunicaci\u00f3n sist\u00e9micos, antes incluso de que el deseado haya confirmado su inter\u00e9s, que hasta los de la \u00faltima reuni\u00f3n con Casado tuvieron que borrar \u201cN\u00fa\u00f1ez Feij\u00f3o\u201d del comunicado oficial.<\/p>\n\n\n\n<p>Y es que cuando a un entramado con dos pilares le falla uno, lo m\u00e1s probable es que se derrumbe todo, aunque est\u00e9 \u201catado y bien atado\u201d desde el principio.<\/p>\n\n\n\n<p>Por cierto, aclaro que son las 22 horas del 26\/02\/2022, pues la velocidad de los acontecimientos es tal que es preciso dejar constancia del momento en que se escribe cualquier cosa que despu\u00e9s se publique.<\/p>\n\n\n\n<p>Soy de los que piensan que el PP comenz\u00f3 a cavar su tumba el 11M de 2004 cuando Aznar, libre y consciente, minti\u00f3 sobre la autor\u00eda de los atentados en Madrid, y eso que ETA no hab\u00eda organizado los del 11S de 2001 en Nueva York, que incluso coincidieron en el uso de medios de transporte, salvo que cambiaron aviones por trenes quiz\u00e1s para esquivar los controles que se hab\u00edan instalado en todos los aeropuertos.<\/p>\n\n\n\n<p>Y es que tampoco recuerdo rid\u00edculos, bloqueos y excesos que se parecieran tanto a los que durante m\u00e1s de tres a\u00f1os ha estado practicando Casado como los que, tambi\u00e9n desde una oposici\u00f3n insoportable por inesperada, Rajoy protagoniz\u00f3 entre 2004 y 2008, hasta el punto de que solo gan\u00f3 tres a\u00f1os despu\u00e9s gracias a que las personas que se suicidaban por no poder pagar la hipoteca provocaron tal depresi\u00f3n en Zapatero que decidi\u00f3 dimitir y adelantar las elecciones.<\/p>\n\n\n\n<p>Regresando a la actualidad, y elucubrando sobre la poca visi\u00f3n a largo plazo del gallego deseado, lo cierto es que el PP que N\u00fa\u00f1ez Feij\u00f3o renunci\u00f3 a liderar en 2018, tras la ca\u00edda de Rajoy, estaba en condiciones mucho m\u00e1s favorables de las que presenta el que acaba de dejar Pablo Casado.<\/p>\n\n\n\n<p>Pol\u00edticamente hablando, Casado recibi\u00f3 en 2018 un capital de 7.941.236 votos y 137 esca\u00f1os en el Congreso. En cambio, quien le suceda heredar\u00e1 5.047.040 votos y se tendr\u00e1 que conformar con 89 esca\u00f1os hasta que a S\u00e1nchez le d\u00e9 la gana convocar nuevas elecciones generales.<\/p>\n\n\n\n<p>Traducido esto a dinero, que en el caso de los pol\u00edticos de derechas es siempre un factor decisivo a la hora de respirar, significa que el PP recibi\u00f3, en concepto de ingresos institucionales derivados de las \u00faltimas elecciones, 2.450.924,52 \u20ac menos de los que hab\u00eda recibido en las de 2016, y este recorte solo por lo que respecta al Congreso. Lo peor para el PP es que ese dinero no se lo queda Hacienda, sino que lo ingresan partidos que compiten contra ellos en las urnas.<\/p>\n\n\n\n<p>En cuanto a otros ingresos legales, como las cuotas de los afiliados, en las primarias de 2018 acudieron a votar 58.304 afiliados, todos los cuales deb\u00edan estar al corriente en el pago de las cuotas.<\/p>\n\n\n\n<p>Pocas comparaciones son tan odiosas como las que hacen sangre sin recurrir a la demagogia. Por eso, viene a cuento recordar que un a\u00f1o antes el PSOE hab\u00eda celebrado sus primarias, aquellas en las que S\u00e1nchez consigui\u00f3 m\u00e1s del 50% de los votos, y que acudieron a esas urnas 148.937 afiliados, es decir, un 155% m\u00e1s que los del PP. Y eso que los de Abascal a\u00fan no hab\u00edan arrancado poder parlamentario a los de Casado, pues ni siquiera se hab\u00edan celebrado las elecciones andaluzas.<\/p>\n\n\n\n<p>De la financiaci\u00f3n ilegal del PP no hablaremos, pues al \u00faltimo que se le ocurri\u00f3 denunciar, no por convicci\u00f3n sino por conveniencia y contra ellos mismos en la persona de una pol\u00edtica poderosa y de su hermano beneficiado, poco le ha faltado para que, adem\u00e1s de descabalgarlo, se lo tragara la tierra. El asunto Vox\/PP merece punto y aparte, y queda para una pr\u00f3xima entrega.<\/p>\n\n\n\n<p>En cualquier caso, la deuda del PP con los bancos era, hace un a\u00f1o, de 38 millones de \u20ac y seguro que N\u00fa\u00f1ez Feij\u00f3o pedir\u00e1 que le actualicen ese \u201cdetalle\u201d antes de tomar una decisi\u00f3n. Me cuesta mucho pensar que quiera ser el pol\u00edtico que presidi\u00f3 las pompas f\u00fanebres del PP. Por tanto, solo asumir\u00e1 ese riesgo si antes consigue conjurarlo.<\/p>\n\n\n\n<p>Y solo lo conseguir\u00e1 si pacta con S\u00e1nchez una estrategia a largo plazo para reconstruir el bipartidismo. Se lo encargar\u00e1n a terceros de la confianza de ambos y sin que nos enteremos, pero pocas veces veremos a dos supuestos adversarios tan interesados en un mismo final del gui\u00f3n que representan.<\/p>\n\n\n\n<p>Por cierto, \u00bfa qu\u00e9 se dedica Iv\u00e1n Redondo?<\/p>\n\n\n\n<p><span style=\"background-color:#090000\" class=\"td_text_highlight_marker\">Domingo Sanz<\/span><\/p>\n","protected":false},"excerpt":{"rendered":"<p>Aunque esto va de la guerra interna que hay en el PP, con o sin permiso de Putin dir\u00e9 que en la de Ucrania \u00e9l ha sido el primero en disparar y, por tanto, tambi\u00e9n culpable de los muertos. Pero no debemos olvidar que Javier Solana dijo algo que s\u00f3lo algunos medios osaron destacar el [&hellip;]<\/p>\n","protected":false},"author":2,"featured_media":4759,"comment_status":"open","ping_status":"open","sticky":false,"template":"","format":"standard","meta":{"footnotes":""},"categories":[139],"tags":[],"class_list":{"0":"post-4758","1":"post","2":"type-post","3":"status-publish","4":"format-standard","5":"has-post-thumbnail","7":"category-opinio"},"_links":{"self":[{"href":"https:\/\/www.areabesos.com\/diario\/wp-json\/wp\/v2\/posts\/4758","targetHints":{"allow":["GET"]}}],"collection":[{"href":"https:\/\/www.areabesos.com\/diario\/wp-json\/wp\/v2\/posts"}],"about":[{"href":"https:\/\/www.areabesos.com\/diario\/wp-json\/wp\/v2\/types\/post"}],"author":[{"embeddable":true,"href":"https:\/\/www.areabesos.com\/diario\/wp-json\/wp\/v2\/users\/2"}],"replies":[{"embeddable":true,"href":"https:\/\/www.areabesos.com\/diario\/wp-json\/wp\/v2\/comments?post=4758"}],"version-history":[{"count":1,"href":"https:\/\/www.areabesos.com\/diario\/wp-json\/wp\/v2\/posts\/4758\/revisions"}],"predecessor-version":[{"id":4760,"href":"https:\/\/www.areabesos.com\/diario\/wp-json\/wp\/v2\/posts\/4758\/revisions\/4760"}],"wp:featuredmedia":[{"embeddable":true,"href":"https:\/\/www.areabesos.com\/diario\/wp-json\/wp\/v2\/media\/4759"}],"wp:attachment":[{"href":"https:\/\/www.areabesos.com\/diario\/wp-json\/wp\/v2\/media?parent=4758"}],"wp:term":[{"taxonomy":"category","embeddable":true,"href":"https:\/\/www.areabesos.com\/diario\/wp-json\/wp\/v2\/categories?post=4758"},{"taxonomy":"post_tag","embeddable":true,"href":"https:\/\/www.areabesos.com\/diario\/wp-json\/wp\/v2\/tags?post=4758"}],"curies":[{"name":"wp","href":"https:\/\/api.w.org\/{rel}","templated":true}]}}