{"id":4752,"date":"2022-02-25T11:42:48","date_gmt":"2022-02-25T10:42:48","guid":{"rendered":"http:\/\/www.areabesos.com\/diario\/?p=4752"},"modified":"2022-02-25T11:42:49","modified_gmt":"2022-02-25T10:42:49","slug":"el-binomi-cultura-i-llibertat-seria-prou-representatiu-del-nostre-ideari-i-marca-molt-be-els-camins-a-seguir","status":"publish","type":"post","link":"https:\/\/www.areabesos.com\/diario\/el-binomi-cultura-i-llibertat-seria-prou-representatiu-del-nostre-ideari-i-marca-molt-be-els-camins-a-seguir\/","title":{"rendered":"\u201cEl binomi cultura i llibertat seria prou representatiu del nostre ideari, i marca molt b\u00e9 els camins a seguir\u201d"},"content":{"rendered":"\n<p>El passat 15 de febrer una assemblea general de socis renov\u00e0 la Junta Directiva de l&#8217;Ateneu Adrianenc, l&#8217;entitat degana\u00a0de Sant Adri\u00e0 de Bes\u00f2s amb\u00a098\u00a0anys d&#8217;exist\u00e8ncia des de la seva fundaci\u00f3 l&#8217;any 1924.<br>\u00c0rea Bes\u00f2s entrevista el seu nou president, Agust\u00ed\u00a0Gallart\u00a0Teixid\u00f3, persona prou coneguda a Sant Adri\u00e0 per les seves responsabilitats p\u00fabliques a l&#8217;administraci\u00f3, entitats locals i moviments ve\u00efnals.<br><strong>A.B. Qu\u00e8 representa la nova junta que vost\u00e8 presideix?<br>R.<\/strong> La continu\u00eftat i la renovaci\u00f3 d&#8217;un projecte en marxa que vam endegar quan l&#8217;entitat va posar al dia els seus estatuts. Ten\u00edem clar els reptes presents avui a la societat adrianenca des del punt de vista cultural i social. El binomi cultura i llibertat seria prou representatiu del nostre ideari, i marca molt b\u00e9 els camins a seguir. \u00c9s de tota evid\u00e8ncia que no hem deixat de banda l&#8217;oferta de cinema, teatre, exposicions i confer\u00e8ncies, un cl\u00e0ssic del m\u00f3n atene\u00edstic en general, i del nostre Ateneu, aix\u00f2 representa la continu\u00eftat. La renovaci\u00f3 ha estat l&#8217;obertura als moviments socials per la via de convenis, o senzillament per la\u00a0col\u2022laboraci\u00f3\u00a0en projectes concrets. Endem\u00e9s fer-ho posant en joc les noves tecnologies de la informaci\u00f3 que ens permeten fer arribar tota la informaci\u00f3 de forma r\u00e0pida i puntual. El whatsapp arriba a m\u00e9s del 90% dels socis, complementada amb la web, Instagram, Facebook i Twitter.<br><strong>A.B. Quines s\u00f3n les seves prioritats?<br>R.<\/strong> Si quan va n\u00e9ixer l&#8217;Ateneu la prioritat era combatre l&#8217;analfabetisme existent a la societat adrianenca, ara el focus l&#8217;hem de posar en el medi ambient. Vivim una situaci\u00f3 catastr\u00f2fica on la qualitat de vida al nostre territori no \u00e9s bona. L&#8217;actual consistori municipal ha heretat un desastre ecol\u00f2gic i necessitar\u00e0 D\u00e9u i ajuda per sortir-se&#8217;n. Per\u00f2 la resposta l&#8217;hem de donar tots els ciutadans.<br><strong>A.B. Qu\u00e8 pot fer l&#8217;Ateneu?<br>R.<\/strong> Obrir les portes a tots els moviments ecologistes i als ciutadans perqu\u00e8 facin sentir la seva veu i es comprometin a treballar per a millorar la qualitat de vida a Sant Adri\u00e0, en una q\u00fcesti\u00f3 tan sensible com l&#8217;aire que respirem, la terra que ens acull i l&#8217;aigua com element de vida. Per altra banda, hem organitzat un Concurs de v\u00eddeos adre\u00e7at als nois i noies de les escoles perqu\u00e8 tinguin consci\u00e8ncia que tots som natura, i que hi ha elements vius que ens acompanyen, i que ens cal protegir com ara els arbres.<br><strong>A.B.\u00a0Quines altres activitats s\u00f3n novetat en la seva proposta de treball?<br>R.<\/strong> Els tallers d&#8217;hist\u00f2ria, la llengua i la dansa com a elements indispensables de cultura. Venim de lluny, a Sant Adri\u00e0 fa uns anys ja v\u00e0rem celebrar els mil anys d&#8217;hist\u00f2ria, com a poble, amb encerts i desencerts, per\u00f2 que configuren la nostra personalitat i la nostra praxi a l&#8217;hora d&#8217;actuar. No ser\u00e0 una mirada tancada sobre nosaltres mateixos perqu\u00e8 a la societat actual \u00e9s oberta en un concepte universal de les coses que ens afecten o ens poden afectar.<br>La primera sessi\u00f3 del Taller d&#8217;hist\u00f2ria va ser sobre la Mancomunitat de Catalunya on la suma de les quatre diputacions catalanes va permetre una acci\u00f3 potent de modernitzaci\u00f3 del pa\u00eds. \u00c9s bo recordar-ho.<br>La llengua com a element essencial de comunicaci\u00f3\u00a0ens\u00a0agradaria\u00a0facilitar-ne el seu\u00a0\u00fas, i amb aquest objectiu hem obert un espai d&#8217;ajuda a c\u00e0rrec d&#8217;una professora, i en el tema de la dansa, penso que ja hem reeixit. Les classes de sardanes que \u00d2mnium fa l&#8217;Ateneu en s\u00f3n un \u00e8xit, i una prova evident de les moltes potencialitats al nostre abast. A la darrera classe de sardanes\u00a0hi havia\u00a028 persones fent rotllana. Un nou curs de sardanes es prepara per al mes de setembre.<br><strong>A.B. La fa\u00e7ana de l&#8217;Ateneu fa pena per la seva deixadesa que pensen fer?<br>R.<\/strong> En el seu moment, ara fa ja quatre anys, quan va quedar pal\u00e8s el seu deteriorament, nosaltres en tractar-se d&#8217;un edifici que formava part del Cat\u00e0leg d&#8217;edificis d&#8217;inter\u00e8s local, ho vam comunicar a l&#8217;Ajuntament. Nosaltres com entitat no pod\u00edem assumir l&#8217;elevat cost de la reparaci\u00f3 que necessitava, i acollint-nos a la Llei que regula el tema, ja ho vam comunicar. Esperem una resposta municipal, que ens consta, ara s\u00ed, que ser\u00e0 ben aviat.<br><strong>A.B. Molta feina. Quina capacitat hi ha per portar-la a terme?<\/strong><br><strong>R.<\/strong> Treballem en equip, i aquesta \u00e9s la nostra for\u00e7a. Les persones que en formen part estimen el pa\u00eds i especialment aquest rac\u00f3 concret de Sant Adri\u00e0 de Bes\u00f2s on calen tantes respostes i en positiu.<br><br><\/p>\n","protected":false},"excerpt":{"rendered":"<p>El passat 15 de febrer una assemblea general de socis renov\u00e0 la Junta Directiva de l&#8217;Ateneu Adrianenc, l&#8217;entitat degana\u00a0de Sant Adri\u00e0 de Bes\u00f2s amb\u00a098\u00a0anys d&#8217;exist\u00e8ncia des de la seva fundaci\u00f3 l&#8217;any 1924.\u00c0rea Bes\u00f2s entrevista el seu nou president, Agust\u00ed\u00a0Gallart\u00a0Teixid\u00f3, persona prou coneguda a Sant Adri\u00e0 per les seves responsabilitats p\u00fabliques a l&#8217;administraci\u00f3, entitats locals i [&hellip;]<\/p>\n","protected":false},"author":1,"featured_media":4753,"comment_status":"open","ping_status":"open","sticky":false,"template":"","format":"standard","meta":{"footnotes":""},"categories":[136,138],"tags":[],"class_list":{"0":"post-4752","1":"post","2":"type-post","3":"status-publish","4":"format-standard","5":"has-post-thumbnail","7":"category-cultura","8":"category-entrevistes"},"_links":{"self":[{"href":"https:\/\/www.areabesos.com\/diario\/wp-json\/wp\/v2\/posts\/4752","targetHints":{"allow":["GET"]}}],"collection":[{"href":"https:\/\/www.areabesos.com\/diario\/wp-json\/wp\/v2\/posts"}],"about":[{"href":"https:\/\/www.areabesos.com\/diario\/wp-json\/wp\/v2\/types\/post"}],"author":[{"embeddable":true,"href":"https:\/\/www.areabesos.com\/diario\/wp-json\/wp\/v2\/users\/1"}],"replies":[{"embeddable":true,"href":"https:\/\/www.areabesos.com\/diario\/wp-json\/wp\/v2\/comments?post=4752"}],"version-history":[{"count":1,"href":"https:\/\/www.areabesos.com\/diario\/wp-json\/wp\/v2\/posts\/4752\/revisions"}],"predecessor-version":[{"id":4754,"href":"https:\/\/www.areabesos.com\/diario\/wp-json\/wp\/v2\/posts\/4752\/revisions\/4754"}],"wp:featuredmedia":[{"embeddable":true,"href":"https:\/\/www.areabesos.com\/diario\/wp-json\/wp\/v2\/media\/4753"}],"wp:attachment":[{"href":"https:\/\/www.areabesos.com\/diario\/wp-json\/wp\/v2\/media?parent=4752"}],"wp:term":[{"taxonomy":"category","embeddable":true,"href":"https:\/\/www.areabesos.com\/diario\/wp-json\/wp\/v2\/categories?post=4752"},{"taxonomy":"post_tag","embeddable":true,"href":"https:\/\/www.areabesos.com\/diario\/wp-json\/wp\/v2\/tags?post=4752"}],"curies":[{"name":"wp","href":"https:\/\/api.w.org\/{rel}","templated":true}]}}