{"id":4749,"date":"2022-02-23T11:29:42","date_gmt":"2022-02-23T10:29:42","guid":{"rendered":"http:\/\/www.areabesos.com\/diario\/?p=4749"},"modified":"2022-02-23T11:29:43","modified_gmt":"2022-02-23T10:29:43","slug":"torna-el-carnestoltes-als-carrers-de-sant-adria","status":"publish","type":"post","link":"https:\/\/www.areabesos.com\/diario\/torna-el-carnestoltes-als-carrers-de-sant-adria\/","title":{"rendered":"Torna el Carnestoltes als carrers de Sant Adri\u00e0"},"content":{"rendered":"\n<p>Hi ha moltes ganes de Carnestoltes despr\u00e9s de tan de temps de pand\u00e8mia. A Sant Adri\u00e0 tornar\u00e0 aquest proper dissabte, 26 de febrer, amb els actes tradicionals que enguany seran molt m\u00e9s especials. Al mat\u00ed ser\u00e0 el torn dels m\u00e9s petits, a partir de les 12 hores a la pla\u00e7a de la Vila amb la festa infantil protagonitzada pel grup Xip Xap i una xocolatada per tots els presents. I a la tarda, a partir de les 18 hores, la rua de Carnestoltes des del carrer de la Torrassa amb el carrer de la Platja, que passar\u00e0 per l&#8217;avinguda Catalunya fins arribar a la pla\u00e7a de la Vila. <\/p>\n","protected":false},"excerpt":{"rendered":"<p>Hi ha moltes ganes de Carnestoltes despr\u00e9s de tan de temps de pand\u00e8mia. A Sant Adri\u00e0 tornar\u00e0 aquest proper dissabte, 26 de febrer, amb els actes tradicionals que enguany seran molt m\u00e9s especials. Al mat\u00ed ser\u00e0 el torn dels m\u00e9s petits, a partir de les 12 hores a la pla\u00e7a de la Vila amb la [&hellip;]<\/p>\n","protected":false},"author":1,"featured_media":4750,"comment_status":"open","ping_status":"open","sticky":false,"template":"","format":"standard","meta":{"footnotes":""},"categories":[136],"tags":[],"class_list":{"0":"post-4749","1":"post","2":"type-post","3":"status-publish","4":"format-standard","5":"has-post-thumbnail","7":"category-cultura"},"_links":{"self":[{"href":"https:\/\/www.areabesos.com\/diario\/wp-json\/wp\/v2\/posts\/4749","targetHints":{"allow":["GET"]}}],"collection":[{"href":"https:\/\/www.areabesos.com\/diario\/wp-json\/wp\/v2\/posts"}],"about":[{"href":"https:\/\/www.areabesos.com\/diario\/wp-json\/wp\/v2\/types\/post"}],"author":[{"embeddable":true,"href":"https:\/\/www.areabesos.com\/diario\/wp-json\/wp\/v2\/users\/1"}],"replies":[{"embeddable":true,"href":"https:\/\/www.areabesos.com\/diario\/wp-json\/wp\/v2\/comments?post=4749"}],"version-history":[{"count":1,"href":"https:\/\/www.areabesos.com\/diario\/wp-json\/wp\/v2\/posts\/4749\/revisions"}],"predecessor-version":[{"id":4751,"href":"https:\/\/www.areabesos.com\/diario\/wp-json\/wp\/v2\/posts\/4749\/revisions\/4751"}],"wp:featuredmedia":[{"embeddable":true,"href":"https:\/\/www.areabesos.com\/diario\/wp-json\/wp\/v2\/media\/4750"}],"wp:attachment":[{"href":"https:\/\/www.areabesos.com\/diario\/wp-json\/wp\/v2\/media?parent=4749"}],"wp:term":[{"taxonomy":"category","embeddable":true,"href":"https:\/\/www.areabesos.com\/diario\/wp-json\/wp\/v2\/categories?post=4749"},{"taxonomy":"post_tag","embeddable":true,"href":"https:\/\/www.areabesos.com\/diario\/wp-json\/wp\/v2\/tags?post=4749"}],"curies":[{"name":"wp","href":"https:\/\/api.w.org\/{rel}","templated":true}]}}