{"id":4710,"date":"2022-02-09T13:47:09","date_gmt":"2022-02-09T12:47:09","guid":{"rendered":"http:\/\/www.areabesos.com\/diario\/?p=4710"},"modified":"2022-02-09T13:47:10","modified_gmt":"2022-02-09T12:47:10","slug":"gabilondo-los-obispos-y-la-queja-20017725","status":"publish","type":"post","link":"https:\/\/www.areabesos.com\/diario\/gabilondo-los-obispos-y-la-queja-20017725\/","title":{"rendered":"Gabilondo, los  obispos y la queja 20017725"},"content":{"rendered":"\n<p>Congreso y Gobierno decidir\u00e1n escurrir el bulto en la persecuci\u00f3n de los delitos cometidos por miembros de la Iglesia que durante d\u00e9cadas han estado envolviendo palabras y silencios asquerosos con la cruz cat\u00f3lica en la mirada para asustar a miles de menores a los que les met\u00edan mano y otras partes de unas anatom\u00edas frustradas por la incapacidad de satisfacer el leg\u00edtimo deseo sexual en condiciones de igualdad con sus semejantes.<\/p>\n\n\n\n<p>Al trasladar al Defensor del Pueblo una investigaci\u00f3n imposible de esquivar porque cada d\u00eda aparecen nuevos testimonios de valientes que denuncian las violaciones que les mataron la alegr\u00eda de vivir, el Gobierno y el Congreso no pretenden proteger a las v\u00edctimas, sino a los religiosos abusadores y a los obispos que, contra el ejemplo de otros pa\u00edses y tambi\u00e9n de las \u00f3rdenes de Roma, se niegan a investigar y pagar las consecuencias de sus delitos, aunque tengan que vender a precio de saldo hasta el \u00faltimo inmueble de los que se apropiaron gracias a un Aznar que quiz\u00e1s so\u00f1aba con pasear bajo palio.<\/p>\n\n\n\n<p>Como es de suponer que Gabilondo reclamar\u00e1 del Congreso una financiaci\u00f3n extra para asumir la monumental carga de trabajo que le viene, me permito recordarle la queja colectiva n\u00famero 20017725 que se inici\u00f3 en 2020 y se dirigi\u00f3 contra otra \u201ciglesia\u201d con la que tambi\u00e9n es f\u00e1cil \u00abtoparse\u00bb.&nbsp;<\/p>\n\n\n\n<p>Se trata de la formada por los 350 ocupantes de los esca\u00f1os del Congreso y que, salvo Baldov\u00ed y alguna otra excepci\u00f3n, abusaron de su posici\u00f3n dominante durante los seis plenos del primer Estado de Alarma con tal de no renunciar al vicio de hablar desde la tribuna en lugar de hacerlo desde sus esca\u00f1os para respetar mejor el derecho a la salud laboral de las \u201ckellys\u201d de las Cortes porque, durante aquella primera ola, los muertos se multiplicaban y nadie pod\u00eda saber si terminar\u00edan siendo miles o millones.<\/p>\n\n\n\n<p><span style=\"background-color:#090000\" class=\"td_text_highlight_marker\">Domingo Sanz<\/span><\/p>\n","protected":false},"excerpt":{"rendered":"<p>Congreso y Gobierno decidir\u00e1n escurrir el bulto en la persecuci\u00f3n de los delitos cometidos por miembros de la Iglesia que durante d\u00e9cadas han estado envolviendo palabras y silencios asquerosos con la cruz cat\u00f3lica en la mirada para asustar a miles de menores a los que les met\u00edan mano y otras partes de unas anatom\u00edas frustradas [&hellip;]<\/p>\n","protected":false},"author":2,"featured_media":4711,"comment_status":"open","ping_status":"open","sticky":false,"template":"","format":"standard","meta":{"footnotes":""},"categories":[139],"tags":[],"class_list":{"0":"post-4710","1":"post","2":"type-post","3":"status-publish","4":"format-standard","5":"has-post-thumbnail","7":"category-opinio"},"_links":{"self":[{"href":"https:\/\/www.areabesos.com\/diario\/wp-json\/wp\/v2\/posts\/4710","targetHints":{"allow":["GET"]}}],"collection":[{"href":"https:\/\/www.areabesos.com\/diario\/wp-json\/wp\/v2\/posts"}],"about":[{"href":"https:\/\/www.areabesos.com\/diario\/wp-json\/wp\/v2\/types\/post"}],"author":[{"embeddable":true,"href":"https:\/\/www.areabesos.com\/diario\/wp-json\/wp\/v2\/users\/2"}],"replies":[{"embeddable":true,"href":"https:\/\/www.areabesos.com\/diario\/wp-json\/wp\/v2\/comments?post=4710"}],"version-history":[{"count":1,"href":"https:\/\/www.areabesos.com\/diario\/wp-json\/wp\/v2\/posts\/4710\/revisions"}],"predecessor-version":[{"id":4712,"href":"https:\/\/www.areabesos.com\/diario\/wp-json\/wp\/v2\/posts\/4710\/revisions\/4712"}],"wp:featuredmedia":[{"embeddable":true,"href":"https:\/\/www.areabesos.com\/diario\/wp-json\/wp\/v2\/media\/4711"}],"wp:attachment":[{"href":"https:\/\/www.areabesos.com\/diario\/wp-json\/wp\/v2\/media?parent=4710"}],"wp:term":[{"taxonomy":"category","embeddable":true,"href":"https:\/\/www.areabesos.com\/diario\/wp-json\/wp\/v2\/categories?post=4710"},{"taxonomy":"post_tag","embeddable":true,"href":"https:\/\/www.areabesos.com\/diario\/wp-json\/wp\/v2\/tags?post=4710"}],"curies":[{"name":"wp","href":"https:\/\/api.w.org\/{rel}","templated":true}]}}