{"id":4706,"date":"2022-02-09T13:41:46","date_gmt":"2022-02-09T12:41:46","guid":{"rendered":"http:\/\/www.areabesos.com\/diario\/?p=4706"},"modified":"2022-02-09T13:41:47","modified_gmt":"2022-02-09T12:41:47","slug":"sant-adria-celebra-la-xxiii-festa-dels-passadors","status":"publish","type":"post","link":"https:\/\/www.areabesos.com\/diario\/sant-adria-celebra-la-xxiii-festa-dels-passadors\/","title":{"rendered":"Sant Adri\u00e0 celebra la XXIII Festa dels Passadors"},"content":{"rendered":"\n<p>L&#8217;associaci\u00f3 Dones del Futur i Unesco Sant Adri\u00e0 celebren aquest proper diumenge, 13 de febrer, l&#8217;edici\u00f3 n\u00famero 28 de la Festa dels Passadors, catalogada com a patrimoni cultural de Catalunya. Els actes comen\u00e7aran a l&#8217;arc g\u00f2tic de Sant Adri\u00e0 a les 10.30 hores amb la concentraci\u00f3 dels participants, els Gegants Passadors de Sant Adri\u00e0, Sambaso, Tabalers, Tronada i Castellers Passadors de la localitat adrianenca, que comen\u00e7aran mitja hora despr\u00e9s el cercavila fins a la pla\u00e7a de la Vila, passant pel Pont dels Passadors, Pi i Margall, l&#8217;Avinguda Catalunya i la Pla\u00e7a del Mercat. <\/p>\n\n\n\n<p>A les 11.30 hores hi haur\u00e0 els llu\u00efments a la Pla\u00e7a del Mercat, i a les 11.45 h. hi haur\u00e0 la gran festa de celebraci\u00f3 amb l&#8217;ofrena de l&#8217;Eul\u00e0lia al Gegant Passador i altres. La festa acabar\u00e0 amb la Tresca i la Verdesca. <\/p>\n\n\n\n<p> <\/p>\n\n\n\n<div><a href=\"https:\/\/www.areabesos.com\/diario\/wp-content\/uploads\/2022\/02\/festa_passadors_2022-724x1024.jpg\" class=\"td-modal-image\"><figure class=\"wp-block-image size-large\"><img loading=\"lazy\" decoding=\"async\" width=\"724\" height=\"1024\" src=\"https:\/\/www.areabesos.com\/diario\/wp-content\/uploads\/2022\/02\/festa_passadors_2022-724x1024.jpg\" alt=\"\" class=\"wp-image-4707\" srcset=\"https:\/\/www.areabesos.com\/diario\/wp-content\/uploads\/2022\/02\/festa_passadors_2022-724x1024.jpg 724w, https:\/\/www.areabesos.com\/diario\/wp-content\/uploads\/2022\/02\/festa_passadors_2022-212x300.jpg 212w, https:\/\/www.areabesos.com\/diario\/wp-content\/uploads\/2022\/02\/festa_passadors_2022-768x1087.jpg 768w, https:\/\/www.areabesos.com\/diario\/wp-content\/uploads\/2022\/02\/festa_passadors_2022-150x212.jpg 150w, https:\/\/www.areabesos.com\/diario\/wp-content\/uploads\/2022\/02\/festa_passadors_2022-300x425.jpg 300w, https:\/\/www.areabesos.com\/diario\/wp-content\/uploads\/2022\/02\/festa_passadors_2022-696x985.jpg 696w, https:\/\/www.areabesos.com\/diario\/wp-content\/uploads\/2022\/02\/festa_passadors_2022.jpg 848w\" sizes=\"auto, (max-width: 724px) 100vw, 724px\" \/><\/figure><\/a><\/div>\n","protected":false},"excerpt":{"rendered":"<p>L&#8217;associaci\u00f3 Dones del Futur i Unesco Sant Adri\u00e0 celebren aquest proper diumenge, 13 de febrer, l&#8217;edici\u00f3 n\u00famero 28 de la Festa dels Passadors, catalogada com a patrimoni cultural de Catalunya. Els actes comen\u00e7aran a l&#8217;arc g\u00f2tic de Sant Adri\u00e0 a les 10.30 hores amb la concentraci\u00f3 dels participants, els Gegants Passadors de Sant Adri\u00e0, Sambaso, [&hellip;]<\/p>\n","protected":false},"author":1,"featured_media":4708,"comment_status":"open","ping_status":"open","sticky":false,"template":"","format":"standard","meta":{"footnotes":""},"categories":[136],"tags":[],"class_list":{"0":"post-4706","1":"post","2":"type-post","3":"status-publish","4":"format-standard","5":"has-post-thumbnail","7":"category-cultura"},"_links":{"self":[{"href":"https:\/\/www.areabesos.com\/diario\/wp-json\/wp\/v2\/posts\/4706","targetHints":{"allow":["GET"]}}],"collection":[{"href":"https:\/\/www.areabesos.com\/diario\/wp-json\/wp\/v2\/posts"}],"about":[{"href":"https:\/\/www.areabesos.com\/diario\/wp-json\/wp\/v2\/types\/post"}],"author":[{"embeddable":true,"href":"https:\/\/www.areabesos.com\/diario\/wp-json\/wp\/v2\/users\/1"}],"replies":[{"embeddable":true,"href":"https:\/\/www.areabesos.com\/diario\/wp-json\/wp\/v2\/comments?post=4706"}],"version-history":[{"count":1,"href":"https:\/\/www.areabesos.com\/diario\/wp-json\/wp\/v2\/posts\/4706\/revisions"}],"predecessor-version":[{"id":4709,"href":"https:\/\/www.areabesos.com\/diario\/wp-json\/wp\/v2\/posts\/4706\/revisions\/4709"}],"wp:featuredmedia":[{"embeddable":true,"href":"https:\/\/www.areabesos.com\/diario\/wp-json\/wp\/v2\/media\/4708"}],"wp:attachment":[{"href":"https:\/\/www.areabesos.com\/diario\/wp-json\/wp\/v2\/media?parent=4706"}],"wp:term":[{"taxonomy":"category","embeddable":true,"href":"https:\/\/www.areabesos.com\/diario\/wp-json\/wp\/v2\/categories?post=4706"},{"taxonomy":"post_tag","embeddable":true,"href":"https:\/\/www.areabesos.com\/diario\/wp-json\/wp\/v2\/tags?post=4706"}],"curies":[{"name":"wp","href":"https:\/\/api.w.org\/{rel}","templated":true}]}}