{"id":4699,"date":"2022-02-09T12:20:41","date_gmt":"2022-02-09T11:20:41","guid":{"rendered":"http:\/\/www.areabesos.com\/diario\/?p=4699"},"modified":"2022-02-09T12:21:18","modified_gmt":"2022-02-09T11:21:18","slug":"una-exposicio-fotografica-sobre-les-festes-populars-a-lagrupacio-fotografica","status":"publish","type":"post","link":"https:\/\/www.areabesos.com\/diario\/una-exposicio-fotografica-sobre-les-festes-populars-a-lagrupacio-fotografica\/","title":{"rendered":"Una exposici\u00f3 fotogr\u00e0fica sobre les festes populars a l&#8217;Agrupaci\u00f3 Fotogr\u00e0fica"},"content":{"rendered":"\n<p>Dem\u00e0 dijous, 10 de febrer, a les 19.30 hores, s&#8217;inaugura a la sala d&#8217;exposicions de l&#8217;Agrupaci\u00f3 Fotogr\u00e0fica Sant Adri\u00e0 (c. Dr. Barraquer, 6, baixos) la mostra \u00abFestes populars de Catalunya\u00bb, amb imatges de Miquel Rodr\u00edguez Mart\u00ednez. <\/p>\n\n\n\n<figure class=\"wp-block-gallery has-nested-images columns-default is-cropped wp-block-gallery-1 is-layout-flex wp-block-gallery-is-layout-flex\">\n<figure class=\"wp-block-image size-large\"><a href=\"https:\/\/www.areabesos.com\/diario\/wp-content\/uploads\/2022\/02\/CASTELLERS-copia.jpg\"><img loading=\"lazy\" decoding=\"async\" width=\"378\" height=\"567\" data-id=\"4700\" src=\"https:\/\/www.areabesos.com\/diario\/wp-content\/uploads\/2022\/02\/CASTELLERS-copia.jpg\" alt=\"\" class=\"wp-image-4700\" srcset=\"https:\/\/www.areabesos.com\/diario\/wp-content\/uploads\/2022\/02\/CASTELLERS-copia.jpg 378w, https:\/\/www.areabesos.com\/diario\/wp-content\/uploads\/2022\/02\/CASTELLERS-copia-200x300.jpg 200w, https:\/\/www.areabesos.com\/diario\/wp-content\/uploads\/2022\/02\/CASTELLERS-copia-150x225.jpg 150w, https:\/\/www.areabesos.com\/diario\/wp-content\/uploads\/2022\/02\/CASTELLERS-copia-300x450.jpg 300w\" sizes=\"auto, (max-width: 378px) 100vw, 378px\" \/><\/a><\/figure>\n\n\n\n<figure class=\"wp-block-image size-large\"><a href=\"https:\/\/www.areabesos.com\/diario\/wp-content\/uploads\/2022\/02\/DANSA-copia.jpg\"><img loading=\"lazy\" decoding=\"async\" width=\"405\" height=\"567\" data-id=\"4701\" src=\"https:\/\/www.areabesos.com\/diario\/wp-content\/uploads\/2022\/02\/DANSA-copia.jpg\" alt=\"\" class=\"wp-image-4701\" srcset=\"https:\/\/www.areabesos.com\/diario\/wp-content\/uploads\/2022\/02\/DANSA-copia.jpg 405w, https:\/\/www.areabesos.com\/diario\/wp-content\/uploads\/2022\/02\/DANSA-copia-214x300.jpg 214w, https:\/\/www.areabesos.com\/diario\/wp-content\/uploads\/2022\/02\/DANSA-copia-150x210.jpg 150w, https:\/\/www.areabesos.com\/diario\/wp-content\/uploads\/2022\/02\/DANSA-copia-300x420.jpg 300w\" sizes=\"auto, (max-width: 405px) 100vw, 405px\" \/><\/a><\/figure>\n\n\n\n<figure class=\"wp-block-image size-large\"><a href=\"https:\/\/www.areabesos.com\/diario\/wp-content\/uploads\/2022\/02\/FESTA-D-LA-SAL.jpg\"><img loading=\"lazy\" decoding=\"async\" width=\"567\" height=\"378\" data-id=\"4702\" src=\"https:\/\/www.areabesos.com\/diario\/wp-content\/uploads\/2022\/02\/FESTA-D-LA-SAL.jpg\" alt=\"\" class=\"wp-image-4702\" srcset=\"https:\/\/www.areabesos.com\/diario\/wp-content\/uploads\/2022\/02\/FESTA-D-LA-SAL.jpg 567w, https:\/\/www.areabesos.com\/diario\/wp-content\/uploads\/2022\/02\/FESTA-D-LA-SAL-300x200.jpg 300w, https:\/\/www.areabesos.com\/diario\/wp-content\/uploads\/2022\/02\/FESTA-D-LA-SAL-150x100.jpg 150w\" sizes=\"auto, (max-width: 567px) 100vw, 567px\" \/><\/a><\/figure>\n<\/figure>\n\n\n\n<p>L&#8217;exposici\u00f3 \u00abFestes populars de Catalunya\u00bb es podr\u00e0 visitar de dilluns a dijous, de 18.30 a 20.30 hores, fins el proper 3 de mar\u00e7. <\/p>\n","protected":false},"excerpt":{"rendered":"<p>Dem\u00e0 dijous, 10 de febrer, a les 19.30 hores, s&#8217;inaugura a la sala d&#8217;exposicions de l&#8217;Agrupaci\u00f3 Fotogr\u00e0fica Sant Adri\u00e0 (c. Dr. Barraquer, 6, baixos) la mostra \u00abFestes populars de Catalunya\u00bb, amb imatges de Miquel Rodr\u00edguez Mart\u00ednez. L&#8217;exposici\u00f3 \u00abFestes populars de Catalunya\u00bb es podr\u00e0 visitar de dilluns a dijous, de 18.30 a 20.30 hores, fins el [&hellip;]<\/p>\n","protected":false},"author":1,"featured_media":4705,"comment_status":"open","ping_status":"open","sticky":false,"template":"","format":"standard","meta":{"footnotes":""},"categories":[136],"tags":[],"class_list":{"0":"post-4699","1":"post","2":"type-post","3":"status-publish","4":"format-standard","5":"has-post-thumbnail","7":"category-cultura"},"_links":{"self":[{"href":"https:\/\/www.areabesos.com\/diario\/wp-json\/wp\/v2\/posts\/4699","targetHints":{"allow":["GET"]}}],"collection":[{"href":"https:\/\/www.areabesos.com\/diario\/wp-json\/wp\/v2\/posts"}],"about":[{"href":"https:\/\/www.areabesos.com\/diario\/wp-json\/wp\/v2\/types\/post"}],"author":[{"embeddable":true,"href":"https:\/\/www.areabesos.com\/diario\/wp-json\/wp\/v2\/users\/1"}],"replies":[{"embeddable":true,"href":"https:\/\/www.areabesos.com\/diario\/wp-json\/wp\/v2\/comments?post=4699"}],"version-history":[{"count":1,"href":"https:\/\/www.areabesos.com\/diario\/wp-json\/wp\/v2\/posts\/4699\/revisions"}],"predecessor-version":[{"id":4704,"href":"https:\/\/www.areabesos.com\/diario\/wp-json\/wp\/v2\/posts\/4699\/revisions\/4704"}],"wp:featuredmedia":[{"embeddable":true,"href":"https:\/\/www.areabesos.com\/diario\/wp-json\/wp\/v2\/media\/4705"}],"wp:attachment":[{"href":"https:\/\/www.areabesos.com\/diario\/wp-json\/wp\/v2\/media?parent=4699"}],"wp:term":[{"taxonomy":"category","embeddable":true,"href":"https:\/\/www.areabesos.com\/diario\/wp-json\/wp\/v2\/categories?post=4699"},{"taxonomy":"post_tag","embeddable":true,"href":"https:\/\/www.areabesos.com\/diario\/wp-json\/wp\/v2\/tags?post=4699"}],"curies":[{"name":"wp","href":"https:\/\/api.w.org\/{rel}","templated":true}]}}