{"id":4696,"date":"2022-02-05T11:30:00","date_gmt":"2022-02-05T10:30:00","guid":{"rendered":"http:\/\/www.areabesos.com\/diario\/?p=4696"},"modified":"2022-02-08T11:53:53","modified_gmt":"2022-02-08T10:53:53","slug":"augment-de-sou-per-a-pensionistes","status":"publish","type":"post","link":"https:\/\/www.areabesos.com\/diario\/augment-de-sou-per-a-pensionistes\/","title":{"rendered":"Augment de sou per a pensionistes"},"content":{"rendered":"\n<p>Ja tinc molts anys i dif\u00edcilment puc aprendre res nou, la qual cosa si tinc clar \u00e9s que mai et fi\u00efs de pol\u00edtics i bancs segurament sempre et sentir\u00e0s enganyat.<br>Estava molt content per l&#8217;augment que m&#8217;han donat per al 2022, francament no me l&#8217;esperava. Sembla que tamb\u00e9 ens han donat els endarreriments del 2021, fins aqu\u00ed m\u00e9s o menys correcte i content. Per\u00f2 avui he rebut una carta de la seguretat social que diu que enguany em cobressin m\u00e9s euros d&#8217;IRPF, doncs b\u00e9 ja m&#8217;he quedat sense augment de sou, ja que supera l&#8217;augment d&#8217;hisenda a l&#8217;augment de la meva mensualitat, resumint he perdut diners amb aquest augment. Segurament quan realitzi la declaraci\u00f3 de renda ja em portar\u00e9 la sorpresa. Suposo que tot aix\u00f2 ja estava previst, et donem aix\u00f2 i et llevem l&#8217;altre. No s\u00e9 a quants afect\u00e9s, espero que a pocs, per\u00f2 hem d&#8217;aprendre que no ens prenguin per ximples, i a l&#8217;hora de votar a governants nom\u00e9s votar als que es comprometin a fer canvis, per\u00f2 sense lletra petita.<br>Per \u00faltim av\u00eds a navegants, els jubilats hem de muntar un partit pol\u00edtic i governarem aquest pa\u00eds, no ens queda una altra soluci\u00f3. No oblidem que VOX i PP es van carregar la guardiola de les pensions.<\/p>\n\n\n\n<p><span style=\"background-color:#0a0000\" class=\"td_text_highlight_marker\">Josep Meg\u00edas<\/span><\/p>\n","protected":false},"excerpt":{"rendered":"<p>Ja tinc molts anys i dif\u00edcilment puc aprendre res nou, la qual cosa si tinc clar \u00e9s que mai et fi\u00efs de pol\u00edtics i bancs segurament sempre et sentir\u00e0s enganyat.Estava molt content per l&#8217;augment que m&#8217;han donat per al 2022, francament no me l&#8217;esperava. Sembla que tamb\u00e9 ens han donat els endarreriments del 2021, fins [&hellip;]<\/p>\n","protected":false},"author":2,"featured_media":4697,"comment_status":"open","ping_status":"open","sticky":false,"template":"","format":"standard","meta":{"footnotes":""},"categories":[139],"tags":[],"class_list":{"0":"post-4696","1":"post","2":"type-post","3":"status-publish","4":"format-standard","5":"has-post-thumbnail","7":"category-opinio"},"_links":{"self":[{"href":"https:\/\/www.areabesos.com\/diario\/wp-json\/wp\/v2\/posts\/4696","targetHints":{"allow":["GET"]}}],"collection":[{"href":"https:\/\/www.areabesos.com\/diario\/wp-json\/wp\/v2\/posts"}],"about":[{"href":"https:\/\/www.areabesos.com\/diario\/wp-json\/wp\/v2\/types\/post"}],"author":[{"embeddable":true,"href":"https:\/\/www.areabesos.com\/diario\/wp-json\/wp\/v2\/users\/2"}],"replies":[{"embeddable":true,"href":"https:\/\/www.areabesos.com\/diario\/wp-json\/wp\/v2\/comments?post=4696"}],"version-history":[{"count":1,"href":"https:\/\/www.areabesos.com\/diario\/wp-json\/wp\/v2\/posts\/4696\/revisions"}],"predecessor-version":[{"id":4698,"href":"https:\/\/www.areabesos.com\/diario\/wp-json\/wp\/v2\/posts\/4696\/revisions\/4698"}],"wp:featuredmedia":[{"embeddable":true,"href":"https:\/\/www.areabesos.com\/diario\/wp-json\/wp\/v2\/media\/4697"}],"wp:attachment":[{"href":"https:\/\/www.areabesos.com\/diario\/wp-json\/wp\/v2\/media?parent=4696"}],"wp:term":[{"taxonomy":"category","embeddable":true,"href":"https:\/\/www.areabesos.com\/diario\/wp-json\/wp\/v2\/categories?post=4696"},{"taxonomy":"post_tag","embeddable":true,"href":"https:\/\/www.areabesos.com\/diario\/wp-json\/wp\/v2\/tags?post=4696"}],"curies":[{"name":"wp","href":"https:\/\/api.w.org\/{rel}","templated":true}]}}