{"id":4693,"date":"2022-02-03T13:55:03","date_gmt":"2022-02-03T12:55:03","guid":{"rendered":"http:\/\/www.areabesos.com\/diario\/?p=4693"},"modified":"2022-02-03T13:55:04","modified_gmt":"2022-02-03T12:55:04","slug":"la-consellera-de-cultura-es-reuneix-amb-lalcaldessa-de-sant-adria-de-besos-i-lalcalde-de-badalona-per-treballar-conjuntament-el-projecte-del-hub-audiovisual","status":"publish","type":"post","link":"https:\/\/www.areabesos.com\/diario\/la-consellera-de-cultura-es-reuneix-amb-lalcaldessa-de-sant-adria-de-besos-i-lalcalde-de-badalona-per-treballar-conjuntament-el-projecte-del-hub-audiovisual\/","title":{"rendered":"La consellera de Cultura es reuneix amb l\u2019alcaldessa de Sant Adri\u00e0 de Bes\u00f2s i l\u2019alcalde de Badalona per treballar conjuntament el projecte del hub audiovisual"},"content":{"rendered":"\n<p>La consellera de Cultura, Nat\u00e0lia Garriga, es va reunir ahir amb l&#8217;alcaldessa de Sant Adri\u00e0 de Bes\u00f2s, Filo Ca\u00f1ete; amb l&#8217;alcalde de Badalona, Rub\u00e9n Guijarro, i amb el primer tinent d&#8217;alcalde i regidor de l&#8217;\u00c0mbit d&#8217;Impuls de Ciutat i Reconstrucci\u00f3 COVID, \u00c0lex Montorn\u00e8s, per treballar conjuntament el projecte del hub audiovisual, conegut amb el nom de Catalunya Media City. Respecte a aquest projecte, que pret\u00e9n com a destinaci\u00f3 les Tres Xemeneies de Sant Adri\u00e0 de Bes\u00f2s, els representants dels ajuntaments han coincidit amb la voluntat de la consellera d&#8217;aconseguir que signifiqui tamb\u00e9 l&#8217;activaci\u00f3 econ\u00f2mica de l&#8217;entorn i la capacitaci\u00f3 professional dels seus ve\u00efns i ve\u00efnes.&nbsp;Ha d\u2019esdevenir un motor transformador de la ciutat i l\u2019entorn.&nbsp;Tamb\u00e9 han coincidit amb la voluntat d&#8217;escoltar el territori.<\/p>\n\n\n\n<p><strong>L\u2019 alcaldessa de Sant Adri\u00e0 de Bes\u00f2s, Filo Ca\u00f1ete,<\/strong>&nbsp;treballar\u00e0, i aix\u00ed ho va traslladar a la consellera, perqu\u00e8 el Catalunya Media City tingui \u00abla capacitaci\u00f3 i l\u2019ocupaci\u00f3\u00bb com a eixos fonamentals, el projecte \u00abha de revertir en el territori, en el seu desenvolupament econ\u00f2mic i social, i per tant, en la millora de la qualitat de vida de la poblaci\u00f3\u00bb. L\u2019 alcaldessa considera tamb\u00e9 imprescindible que es continu\u00ef amb la din\u00e0mica de treball conjunt que ha definit iniciatives anteriors. \u00abHa de ser un projecte que compti amb tots els actors i administracions p\u00fabliques del territori i de la m\u00e0 de la ciutadania\u00bb.<\/p>\n\n\n\n<p>El Catalunya Media City ser\u00e0 un projecte publicoprivat que conformar\u00e0 un pol del sector digital i audiovisual a Catalunya, amb una infraestructura que permetr\u00e0 desenvolupar tota mena d&#8217;iniciatives relacionades amb la recerca, la innovaci\u00f3 i la producci\u00f3 audiovisual. Aquesta estructura comptar\u00e0, per exemple, amb plat\u00f3s i tecnologies audiovisuals punteres. En paraules de la&nbsp;<strong>consellera Garriga,<\/strong>&nbsp;el hub \u00abha de permetre la creaci\u00f3 de continguts audiovisuals i digitals innovadors que puguin ser reconeguts arreu de la ind\u00fastria, del pa\u00eds i del m\u00f3n. Aquest \u00e9s un sector estrat\u00e8gic que ha d\u2019arrelar en el territori, potenciar la ind\u00fastria pr\u00f2pia i donar oportunitats al talent local. Fa massa temps que professionals d\u2019 aquest sector marxen fora per realitzar el seu potencial, i es el moment de canviar aquesta din\u00e0mica\u00bb.<\/p>\n","protected":false},"excerpt":{"rendered":"<p>La consellera de Cultura, Nat\u00e0lia Garriga, es va reunir ahir amb l&#8217;alcaldessa de Sant Adri\u00e0 de Bes\u00f2s, Filo Ca\u00f1ete; amb l&#8217;alcalde de Badalona, Rub\u00e9n Guijarro, i amb el primer tinent d&#8217;alcalde i regidor de l&#8217;\u00c0mbit d&#8217;Impuls de Ciutat i Reconstrucci\u00f3 COVID, \u00c0lex Montorn\u00e8s, per treballar conjuntament el projecte del hub audiovisual, conegut amb el nom [&hellip;]<\/p>\n","protected":false},"author":2,"featured_media":4694,"comment_status":"open","ping_status":"open","sticky":false,"template":"","format":"standard","meta":{"footnotes":""},"categories":[134],"tags":[],"class_list":{"0":"post-4693","1":"post","2":"type-post","3":"status-publish","4":"format-standard","5":"has-post-thumbnail","7":"category-actualitat"},"_links":{"self":[{"href":"https:\/\/www.areabesos.com\/diario\/wp-json\/wp\/v2\/posts\/4693","targetHints":{"allow":["GET"]}}],"collection":[{"href":"https:\/\/www.areabesos.com\/diario\/wp-json\/wp\/v2\/posts"}],"about":[{"href":"https:\/\/www.areabesos.com\/diario\/wp-json\/wp\/v2\/types\/post"}],"author":[{"embeddable":true,"href":"https:\/\/www.areabesos.com\/diario\/wp-json\/wp\/v2\/users\/2"}],"replies":[{"embeddable":true,"href":"https:\/\/www.areabesos.com\/diario\/wp-json\/wp\/v2\/comments?post=4693"}],"version-history":[{"count":1,"href":"https:\/\/www.areabesos.com\/diario\/wp-json\/wp\/v2\/posts\/4693\/revisions"}],"predecessor-version":[{"id":4695,"href":"https:\/\/www.areabesos.com\/diario\/wp-json\/wp\/v2\/posts\/4693\/revisions\/4695"}],"wp:featuredmedia":[{"embeddable":true,"href":"https:\/\/www.areabesos.com\/diario\/wp-json\/wp\/v2\/media\/4694"}],"wp:attachment":[{"href":"https:\/\/www.areabesos.com\/diario\/wp-json\/wp\/v2\/media?parent=4693"}],"wp:term":[{"taxonomy":"category","embeddable":true,"href":"https:\/\/www.areabesos.com\/diario\/wp-json\/wp\/v2\/categories?post=4693"},{"taxonomy":"post_tag","embeddable":true,"href":"https:\/\/www.areabesos.com\/diario\/wp-json\/wp\/v2\/tags?post=4693"}],"curies":[{"name":"wp","href":"https:\/\/api.w.org\/{rel}","templated":true}]}}