{"id":4686,"date":"2022-02-02T11:54:46","date_gmt":"2022-02-02T10:54:46","guid":{"rendered":"http:\/\/www.areabesos.com\/diario\/?p=4686"},"modified":"2022-02-02T11:54:46","modified_gmt":"2022-02-02T10:54:46","slug":"eurovision-1968-2022-y-volver-a-empezar","status":"publish","type":"post","link":"https:\/\/www.areabesos.com\/diario\/eurovision-1968-2022-y-volver-a-empezar\/","title":{"rendered":"Eurovisi\u00f3n  1968-2022 y volver a empezar"},"content":{"rendered":"\n<p>Los periodos de crisis sist\u00e9mica en las sociedades, esos que solo se cierran cuando consiguen abrir de par en par las puertas a cambios importantes, emiten se\u00f1ales que permiten identificarlos y que, en ocasiones, son tan parecidas a las de crisis anteriores que no puedes esquivar su recuerdo.<\/p>\n\n\n\n<p>Quiz\u00e1s es por eso que la sabidur\u00eda nos dice que la historia nunca se repite, pero en ocasiones se parece demasiado.<\/p>\n\n\n\n<p>Los viejos del lugar recordamos a\u00fan el l\u00edo bajo control total que se mont\u00f3 cuando, en marzo de 1968, un joven Serrat fue elegido por TVE para acudir a Eurovisi\u00f3n, pero que, a la hora de dar el s\u00ed, tuvo la osad\u00eda de decirle al militar dictador y a los millones de espa\u00f1oles que ve\u00edan la \u00fanica pantalla posible que, o cantaba en catal\u00e1n o que con \u00e9l no contaran. El resto es historia: Massiel, el \u201cLa, la, la\u201d, el mayo franc\u00e9s de aquel mismo a\u00f1o y todo lo dem\u00e1s.<\/p>\n\n\n\n<p>Muchas cosas han cambiado desde entonces.<\/p>\n\n\n\n<p>Y tambi\u00e9n est\u00e1n apareciendo muchos que nos cuentan ahora cosas nuevas que arrojan luces muy distintas sobre aquel entonces.<\/p>\n\n\n\n<p>Juan Luis Cebri\u00e1n y Oscar Alzaga, por citar solo a dos testigos privilegiados de aquella Transici\u00f3n, declarando el primero que \u201cLa democracia era inevitable\u201d y el segundo que \u201cNo es cierto que Juan Carlos I trajese la democracia\u201d, con lo que, si le quitan el \u00fanico m\u00e9rito que, desde el PSOE hasta Vox, le siguen reconociendo al padre del Borb\u00f3n vigente, lo dejan convertido, definitivamente, en un delincuente blindado por una Constituci\u00f3n que, a la hora de redactarla, \u00e9l mismo le indic\u00f3 a Suarez que incluyera el punto 3 en el art\u00edculo 56 para poder cometer cualquier exceso, que ayer mismo escuch\u00e9 a Joaquim Bosch, portavoz de Jueces para la Democracia, afirmando que \u201dLa inviolabilidad del rey es una invitaci\u00f3n a delinquir\u201d.<\/p>\n\n\n\n<p>\u00bfLo ha escuchado tambi\u00e9n usted, se\u00f1or S\u00e1nchez? Se lo pregunto porque no soy yo, sino una asociaci\u00f3n judicial en la que, probablemente, hay m\u00e1s votantes del PSOE que en el resto de asociaciones judiciales juntas.<\/p>\n\n\n\n<p>-\u201cAhora no, que la prioridad es la pandemia\u201d, quiz\u00e1s responda el presidente.<\/p>\n\n\n\n<p>\u00bfY qu\u00e9 tiene que ver una cosa con otra?<\/p>\n\n\n\n<p>Ante aquel abuso de posici\u00f3n dominante cometido desde la jefatura del Estado contra instituciones d\u00e9biles de un futuro en construcci\u00f3n, comenzando por la presidencia del Gobierno y las Cortes Generales, solo podemos sentir cierta especie de pena por los Carrillo, Sol\u00e9-Tura y otros que sent\u00edan ruido de sables en los cuartos de banderas mientras el rey se re\u00eda de ellos, y, en cambio, recordar con desprecio a los Felipe Gonz\u00e1lez y otros del PSOE, por lo muy r\u00e1pidamente que abandonaron su supuesto republicanismo para colocarse junto al rey y enriquecerse durante las d\u00e9cadas de la corrupci\u00f3n generalizada.<\/p>\n\n\n\n<p>Pero hemos puesto \u201cEurovisi\u00f3n\u201d al principio porque, cincuenta y cuatro a\u00f1os despu\u00e9s, puede que en este festival tan \u201cinstitucional\u201d haya aparecido otra se\u00f1al de las que confirman una nueva crisis sist\u00e9mica en el Estado espa\u00f1ol.<\/p>\n\n\n\n<p>Una crisis que no nos permite imaginar el futuro en el que desembocaremos cuando se cierre la inestabilidad que comenz\u00f3 con los ejercicios, siempre pac\u00edficos, de democracia directa iniciados en Catalunya en 2010 tras la sentencia del TC anulando el nuevo Estatut y un tal Belloch pidiendo ya en 2013 un 155 para suspender esa Autonom\u00eda.<\/p>\n\n\n\n<p>Que sigui\u00f3 con la muerte del bipartidismo en las elecciones generales de 2015 y un M. Rajoy declarando la semana pasada en Mallorca que \u201cpor suerte, seguimos teniendo rey y bipartidismo\u201d, y \u201cm\u00e1tame cami\u00f3n\u201d que respondo yo.<\/p>\n\n\n\n<p>Y que se perpetua con eurodiputados espa\u00f1oles para los que Espa\u00f1a es el \u00fanico territorio que no pueden pisar de toda Europa si no quieren terminar entre rejas. Y alg\u00fan rapero tambi\u00e9n. Por solo citar una peque\u00f1a parte, aunque notoria por lo mucho de molesta en la UE, de un totum revolutum incontrolable<\/p>\n\n\n\n<p>Al igual que Serrat les dijo que no a los franquistas en 1968, la sociedad espa\u00f1ola de 2022, representada por las casi 200.000 personas a las que Eurovisi\u00f3n les interesaba lo suficiente como para dedicar un instante de su tiempo a una pantalla, le ha dicho que no a un jurado formado por nueve personas.<\/p>\n\n\n\n<p>Pero quien manda, manda, en los a\u00f1os 60 del siglo pasado y en los 20 de este.<\/p>\n\n\n\n<p>Y las urnas habituales, tan legales todas, incluidas las virtuales de los locos por los festivales, siempre se pueden corromper o \u201carreglar\u201d sin ser expulsados del para\u00edso por volverlas a romper, como en 1936.<\/p>\n\n\n\n<p>Ahora es cuando ese \u201clegalista\u201d que todos llevamos dentro nos dice: \u201cSon las leyes del concurso y, a quien no le gusten, que no se presente\u201d.<\/p>\n\n\n\n<p>Entonces, consciente de que para justificar esta reflexi\u00f3n el festival no era m\u00e1s que un ambiente, regresa del pasado el Carlos Lesmes que a\u00fan no se hab\u00eda convertido en okupa para, en un lapsus pol\u00edticamente incorrecto, decir que s\u00ed, que, como otras leyes. Por ejemplo, esa LECrim que en Espa\u00f1a \u201cest\u00e1 pensada para los roba gallinas\u201d.<\/p>\n\n\n\n<p><span style=\"background-color:#0c0000\" class=\"td_text_highlight_marker\">Domingo Sanz<\/span><\/p>\n","protected":false},"excerpt":{"rendered":"<p>Los periodos de crisis sist\u00e9mica en las sociedades, esos que solo se cierran cuando consiguen abrir de par en par las puertas a cambios importantes, emiten se\u00f1ales que permiten identificarlos y que, en ocasiones, son tan parecidas a las de crisis anteriores que no puedes esquivar su recuerdo. Quiz\u00e1s es por eso que la sabidur\u00eda [&hellip;]<\/p>\n","protected":false},"author":2,"featured_media":4687,"comment_status":"open","ping_status":"open","sticky":false,"template":"","format":"standard","meta":{"footnotes":""},"categories":[139],"tags":[],"class_list":{"0":"post-4686","1":"post","2":"type-post","3":"status-publish","4":"format-standard","5":"has-post-thumbnail","7":"category-opinio"},"_links":{"self":[{"href":"https:\/\/www.areabesos.com\/diario\/wp-json\/wp\/v2\/posts\/4686","targetHints":{"allow":["GET"]}}],"collection":[{"href":"https:\/\/www.areabesos.com\/diario\/wp-json\/wp\/v2\/posts"}],"about":[{"href":"https:\/\/www.areabesos.com\/diario\/wp-json\/wp\/v2\/types\/post"}],"author":[{"embeddable":true,"href":"https:\/\/www.areabesos.com\/diario\/wp-json\/wp\/v2\/users\/2"}],"replies":[{"embeddable":true,"href":"https:\/\/www.areabesos.com\/diario\/wp-json\/wp\/v2\/comments?post=4686"}],"version-history":[{"count":1,"href":"https:\/\/www.areabesos.com\/diario\/wp-json\/wp\/v2\/posts\/4686\/revisions"}],"predecessor-version":[{"id":4688,"href":"https:\/\/www.areabesos.com\/diario\/wp-json\/wp\/v2\/posts\/4686\/revisions\/4688"}],"wp:featuredmedia":[{"embeddable":true,"href":"https:\/\/www.areabesos.com\/diario\/wp-json\/wp\/v2\/media\/4687"}],"wp:attachment":[{"href":"https:\/\/www.areabesos.com\/diario\/wp-json\/wp\/v2\/media?parent=4686"}],"wp:term":[{"taxonomy":"category","embeddable":true,"href":"https:\/\/www.areabesos.com\/diario\/wp-json\/wp\/v2\/categories?post=4686"},{"taxonomy":"post_tag","embeddable":true,"href":"https:\/\/www.areabesos.com\/diario\/wp-json\/wp\/v2\/tags?post=4686"}],"curies":[{"name":"wp","href":"https:\/\/api.w.org\/{rel}","templated":true}]}}