{"id":4675,"date":"2022-01-31T13:09:28","date_gmt":"2022-01-31T12:09:28","guid":{"rendered":"http:\/\/www.areabesos.com\/diario\/?p=4675"},"modified":"2022-01-31T13:09:29","modified_gmt":"2022-01-31T12:09:29","slug":"area-besos-301-gener-2022","status":"publish","type":"post","link":"https:\/\/www.areabesos.com\/diario\/area-besos-301-gener-2022\/","title":{"rendered":"\u00c0rea Bes\u00f2s 301 Gener 2022"},"content":{"rendered":"\n<p>En el n\u00famero de gener de l\u2019\u00c0rea Bes\u00f2s destaquem que la Generalitat de Catalunya vol entrar a formar part del Consell del Bes\u00f2s per impulsar, entre altres, el front litoral i les tres xemeneies. A m\u00e9s, parlem del pressupost municipal per aquest 2022.<\/p>\n\n\n<a href=\"https:\/\/www.areabesos.com\/diario\/wp-content\/uploads\/2022\/01\/AB0301.pdf\" class=\"pdfemb-viewer\" style=\"\" data-width=\"max\" data-height=\"max\" data-toolbar=\"both\" data-toolbar-fixed=\"on\">AB0301<\/a>\n<p class=\"wp-block-pdfemb-pdf-embedder-viewer\"><\/p>\n","protected":false},"excerpt":{"rendered":"<p>En el n\u00famero de gener de l\u2019\u00c0rea Bes\u00f2s destaquem que la Generalitat de Catalunya vol entrar a formar part del Consell del Bes\u00f2s per impulsar, entre altres, el front litoral i les tres xemeneies. A m\u00e9s, parlem del pressupost municipal per aquest 2022.<\/p>\n","protected":false},"author":1,"featured_media":4676,"comment_status":"open","ping_status":"open","sticky":false,"template":"","format":"standard","meta":{"footnotes":""},"categories":[141],"tags":[],"class_list":{"0":"post-4675","1":"post","2":"type-post","3":"status-publish","4":"format-standard","5":"has-post-thumbnail","7":"category-edicio-impresa"},"_links":{"self":[{"href":"https:\/\/www.areabesos.com\/diario\/wp-json\/wp\/v2\/posts\/4675","targetHints":{"allow":["GET"]}}],"collection":[{"href":"https:\/\/www.areabesos.com\/diario\/wp-json\/wp\/v2\/posts"}],"about":[{"href":"https:\/\/www.areabesos.com\/diario\/wp-json\/wp\/v2\/types\/post"}],"author":[{"embeddable":true,"href":"https:\/\/www.areabesos.com\/diario\/wp-json\/wp\/v2\/users\/1"}],"replies":[{"embeddable":true,"href":"https:\/\/www.areabesos.com\/diario\/wp-json\/wp\/v2\/comments?post=4675"}],"version-history":[{"count":1,"href":"https:\/\/www.areabesos.com\/diario\/wp-json\/wp\/v2\/posts\/4675\/revisions"}],"predecessor-version":[{"id":4678,"href":"https:\/\/www.areabesos.com\/diario\/wp-json\/wp\/v2\/posts\/4675\/revisions\/4678"}],"wp:featuredmedia":[{"embeddable":true,"href":"https:\/\/www.areabesos.com\/diario\/wp-json\/wp\/v2\/media\/4676"}],"wp:attachment":[{"href":"https:\/\/www.areabesos.com\/diario\/wp-json\/wp\/v2\/media?parent=4675"}],"wp:term":[{"taxonomy":"category","embeddable":true,"href":"https:\/\/www.areabesos.com\/diario\/wp-json\/wp\/v2\/categories?post=4675"},{"taxonomy":"post_tag","embeddable":true,"href":"https:\/\/www.areabesos.com\/diario\/wp-json\/wp\/v2\/tags?post=4675"}],"curies":[{"name":"wp","href":"https:\/\/api.w.org\/{rel}","templated":true}]}}