{"id":4673,"date":"2022-01-31T10:29:37","date_gmt":"2022-01-31T09:29:37","guid":{"rendered":"http:\/\/www.areabesos.com\/diario\/?p=4673"},"modified":"2022-01-31T10:29:38","modified_gmt":"2022-01-31T09:29:38","slug":"ucrania-espana-eta-y-belloch","status":"publish","type":"post","link":"https:\/\/www.areabesos.com\/diario\/ucrania-espana-eta-y-belloch\/","title":{"rendered":"Ucrania, Espa\u00f1a,  ETA y Belloch"},"content":{"rendered":"\n<p>He escuchado a pol\u00edticos espa\u00f1oles contrarios a la independencia de Catalunya argumentando que no tiene sentido crear m\u00e1s fronteras cuando hay que trabajar para que vayan desapareciendo. En cambio, todav\u00eda estoy esperando que alguno de esos pol\u00edticos se muestre partidario de que Ucrania se integre en Rusia para comenzar a trabajar en la desaparici\u00f3n de las fronteras.<\/p>\n\n\n\n<p>Comparto esta inquietud en privado y uno de mis buenos amigos me contesta que la diferencia consiste en que Ucrania quiere que le devuelvan Crimea y que no le roben dos regiones m\u00e1s. Entonces le digo que yo quiero que los aliados llamen al dictador Franco y le digan que, o se pega un tiro \u00e9l mismo como hizo Hitler, por lo mucho que colabor\u00f3 con los nazis, o se lo pegan ellos.<\/p>\n\n\n\n<p>\u201cTe damos 24 horas de plazo\u201d es lo que me gustar\u00eda que le hubieran dicho en 1945.<\/p>\n\n\n\n<p>Si aquellos vencedores hubieran actuado correctamente ante un pueblo espa\u00f1ol que hab\u00eda sido masacrado por los militares que apoyaron el golpe de Estado del 18 de julio con la ayuda criminal de los perdedores de la Segunda Guerra Mundial, es muy poco probable que ayer mismo, 28 de enero de 2021, un tal Belloch hubiera declarado que Catalunya es mucho m\u00e1s peligrosa para las instituciones que el terrorismo de ETA.<\/p>\n\n\n\n<p>Conviene que el se\u00f1or ex ministro del PSOE cuide bien sus argumentos, pues podemos pensar que la pol\u00edtica cambiante le importa m\u00e1s que la vida irrecuperable de las v\u00edctimas inocentes. Cuento esto del tambi\u00e9n ex juez porque es una de esas noticias que solo he visto en la prensa de Catalunya.<\/p>\n\n\n\n<p><span style=\"background-color:#0b0000\" class=\"td_text_highlight_marker\">Domingo Sanz<\/span><\/p>\n","protected":false},"excerpt":{"rendered":"<p>He escuchado a pol\u00edticos espa\u00f1oles contrarios a la independencia de Catalunya argumentando que no tiene sentido crear m\u00e1s fronteras cuando hay que trabajar para que vayan desapareciendo. En cambio, todav\u00eda estoy esperando que alguno de esos pol\u00edticos se muestre partidario de que Ucrania se integre en Rusia para comenzar a trabajar en la desaparici\u00f3n de [&hellip;]<\/p>\n","protected":false},"author":2,"featured_media":3087,"comment_status":"open","ping_status":"open","sticky":false,"template":"","format":"standard","meta":{"footnotes":""},"categories":[139],"tags":[],"class_list":{"0":"post-4673","1":"post","2":"type-post","3":"status-publish","4":"format-standard","5":"has-post-thumbnail","7":"category-opinio"},"_links":{"self":[{"href":"https:\/\/www.areabesos.com\/diario\/wp-json\/wp\/v2\/posts\/4673","targetHints":{"allow":["GET"]}}],"collection":[{"href":"https:\/\/www.areabesos.com\/diario\/wp-json\/wp\/v2\/posts"}],"about":[{"href":"https:\/\/www.areabesos.com\/diario\/wp-json\/wp\/v2\/types\/post"}],"author":[{"embeddable":true,"href":"https:\/\/www.areabesos.com\/diario\/wp-json\/wp\/v2\/users\/2"}],"replies":[{"embeddable":true,"href":"https:\/\/www.areabesos.com\/diario\/wp-json\/wp\/v2\/comments?post=4673"}],"version-history":[{"count":1,"href":"https:\/\/www.areabesos.com\/diario\/wp-json\/wp\/v2\/posts\/4673\/revisions"}],"predecessor-version":[{"id":4674,"href":"https:\/\/www.areabesos.com\/diario\/wp-json\/wp\/v2\/posts\/4673\/revisions\/4674"}],"wp:featuredmedia":[{"embeddable":true,"href":"https:\/\/www.areabesos.com\/diario\/wp-json\/wp\/v2\/media\/3087"}],"wp:attachment":[{"href":"https:\/\/www.areabesos.com\/diario\/wp-json\/wp\/v2\/media?parent=4673"}],"wp:term":[{"taxonomy":"category","embeddable":true,"href":"https:\/\/www.areabesos.com\/diario\/wp-json\/wp\/v2\/categories?post=4673"},{"taxonomy":"post_tag","embeddable":true,"href":"https:\/\/www.areabesos.com\/diario\/wp-json\/wp\/v2\/tags?post=4673"}],"curies":[{"name":"wp","href":"https:\/\/api.w.org\/{rel}","templated":true}]}}