{"id":4666,"date":"2022-01-27T14:01:07","date_gmt":"2022-01-27T13:01:07","guid":{"rendered":"http:\/\/www.areabesos.com\/diario\/?p=4666"},"modified":"2022-01-27T14:01:08","modified_gmt":"2022-01-27T13:01:08","slug":"un-estudi-fet-a-latencio-primaria-metropolitana-nord-confirma-que-els-test-dantigens-per-detectar-la-covid-19-shan-de-fer-amb-mostra-nasal-i-no-bucal","status":"publish","type":"post","link":"https:\/\/www.areabesos.com\/diario\/un-estudi-fet-a-latencio-primaria-metropolitana-nord-confirma-que-els-test-dantigens-per-detectar-la-covid-19-shan-de-fer-amb-mostra-nasal-i-no-bucal\/","title":{"rendered":"Un estudi fet a l\u2019Atenci\u00f3 Prim\u00e0ria Metropolitana Nord confirma que els test d\u2019ant\u00edgens per detectar la covid-19 s\u2019han de fer amb mostra nasal i no bucal"},"content":{"rendered":"\n<p>Un estudi dut a terme a l\u2019Atenci\u00f3 Prim\u00e0ria Metropolitana Nord de l\u2019Institut Catal\u00e0 de la Salut posa de manifest que <strong>els test d\u2019ant\u00edgens r\u00e0pids (TAR) fets a partir de mostres nasals donen millor rendiment que els que es fan amb mostres bucals (de saliva) per detectar els casos positius de covid-19<\/strong>. Per arribar a aquesta conclusi\u00f3, s\u2019han analitzat mostres de 300 usuaris de centres d\u2019urg\u00e8ncies d\u2019atenci\u00f3 prim\u00e0ria (CUAP) i de punts centralitzats on es realitzen proves de detecci\u00f3 d\u2019aquesta malaltia. Pr\u00e0cticament el total de participants (un 95%) tenien simptomatologia compatible amb la covid-19.<\/p>\n\n\n\n<p>Concretament, es van recollir els dos tipus de mostres per a totes les persones participants a l\u2019estudi. D\u2019una banda, se\u2019ls va fer un TAR amb la mostra nasal i, d\u2019una altra, es va fer un TAR amb la mostra de saliva, de la boca. En cas que els resultats de les dues proves no coincidissin, es demanava a la persona si es podia agafar una nova mostra, per analitzar-la mitjan\u00e7ant una prova rt-PCR al Laboratori Cl\u00ednic de la Metropolitana Nord.<\/p>\n\n\n\n<p>Mirant amb detall els resultats obtinguts, destaca que nom\u00e9s un 31,7% dels TAR que fets amb mostra nasal donaven resultat positiu sortien tamb\u00e9 positius amb la mostra bucal. Aix\u00ed mateix, en els casos amb resultats discordants, en que els TAR fets amb la mostra nasal indicaven que el resultat era de covid-19 positiu per\u00f2 amb la mostra de saliva sortia negatiu, la PCR va confirmar que eren positius. \u00c9s a dir, <strong>sempre que el TAR fet amb mostra nasal indicava positiu, la PCR va confirmar aquest positiu, <\/strong>malgrat que els TAR fets amb mostra de saliva indiquessin que eren negatius.<\/p>\n\n\n\n<p>Per assegurar que les mostres de saliva no estaven contaminades, nom\u00e9s \u00e9s van incloure a l\u2019estudi els participants voluntaris que no havien pres menjar, beguda o xiclet, ni havien fumat, en els 30 minuts anteriors a la recollida de la mostra bucal.<\/p>\n\n\n\n<p>Tenint en compte algunes afirmacions que apuntaven que els resultats d\u2019un test r\u00e0pid d\u2018ant\u00edgens per detectar la covid-19 podien variar en funci\u00f3 de si es feien a partir d\u2019una mostra nasal o bucal (de saliva), la doctora N\u00faria Prat, directora de l\u2019Atenci\u00f3 Prim\u00e0ria Metropolitana Nord de l\u2019ICS, explica que <em>\u201ces va decidir posar en marxa aquest estudi per confirmar la validesa de la presa de mostra en saliva per realitzar els TAR\u201d<\/em>. I destaca el paper de l\u2019atenci\u00f3 prim\u00e0ria en investigacions d\u2019aquest tipus: <em>\u201cel fet de tenir acc\u00e9s directe a un gran volum de poblaci\u00f3 ens ha perm\u00e8s fer l\u2019estudi en molt poc temps, aix\u00ed com tenir resultats v\u00e0lids molt r\u00e0pidament\u201d<\/em>.<\/p>\n\n\n\n<p>Per la seva part, Concepci\u00f3 Viol\u00e1n, una de les investigadores principals de l\u2019estudi, posa en valor la r\u00e0pida capacitat d\u2019organitzaci\u00f3 de l\u2019Atenci\u00f3 Prim\u00e0ria Metropolitana Nord per desenvolupar aquest estudi. <em>\u201cHi ha hagut una gran col\u00b7laboraci\u00f3 i motivaci\u00f3 per realitzar l\u2019estudi entre els professionals dels CUAP, els dels punts centralitzats per fer proves de detecci\u00f3 de la covid-19, de la Unitat Centralitzada de Suport Covid i tamb\u00e9 el laboratori Cl\u00ednic de la Metropolitana Nord\u201d<\/em>, apunta. I afegeix: <em>\u201c\u00e9s d\u2019agrair el sobreesfor\u00e7 que s\u2019ha realitzat per dur a terme l\u2019estudi en aquest moment del punt \u00e0lgid de la pand\u00e8mia\u201d<\/em>.<\/p>\n\n\n\n<p>Aix\u00ed, doncs, aquest estudi confirma que la presa de mostres per als test d\u2019ant\u00edgens r\u00e0pids s\u2019est\u00e0 fent correctament, a la zona nasal. L\u2019estudi ha comptat amb la participaci\u00f3 de l\u2019Atenci\u00f3 Prim\u00e0ria Metropolitana Nord de l\u2019ICS, el Laboratori Cl\u00ednic de la Metropolitana Nord, l\u2019Hospital Universitari Germans Trias i Pujol, la Fundaci\u00f3 Institut Universitari per a la recerca a l\u2019Atenci\u00f3 Prim\u00e0ria Jordi Gol i Gurina (IDIAPJGol), l\u2019Institut de Recerca Germans Trias i Pujol (IGTP), l\u2019Institut de Recerca de la Sida IrsiCaixa i la Fundaci\u00f3 Lluita contra la Sida i les Malalties Infeccioses. La publicaci\u00f3 s\u2019ha fet en primera inst\u00e0ncia a MedRxiv, on s\u2019ha recollit aquest estudi, amb l\u2019article <a href=\"https:\/\/www.medrxiv.org\/content\/10.1101\/2022.01.20.22269539v1\"><em>Comparison between mid-nasal swabs and buccal swabs for SARS-CoV-2 detection in mild COVID-19 patients<\/em><\/a>.<\/p>\n","protected":false},"excerpt":{"rendered":"<p>Un estudi dut a terme a l\u2019Atenci\u00f3 Prim\u00e0ria Metropolitana Nord de l\u2019Institut Catal\u00e0 de la Salut posa de manifest que els test d\u2019ant\u00edgens r\u00e0pids (TAR) fets a partir de mostres nasals donen millor rendiment que els que es fan amb mostres bucals (de saliva) per detectar els casos positius de covid-19. Per arribar a aquesta [&hellip;]<\/p>\n","protected":false},"author":2,"featured_media":4668,"comment_status":"open","ping_status":"open","sticky":false,"template":"","format":"standard","meta":{"footnotes":""},"categories":[134,135],"tags":[],"class_list":{"0":"post-4666","1":"post","2":"type-post","3":"status-publish","4":"format-standard","5":"has-post-thumbnail","7":"category-actualitat","8":"category-societat"},"_links":{"self":[{"href":"https:\/\/www.areabesos.com\/diario\/wp-json\/wp\/v2\/posts\/4666","targetHints":{"allow":["GET"]}}],"collection":[{"href":"https:\/\/www.areabesos.com\/diario\/wp-json\/wp\/v2\/posts"}],"about":[{"href":"https:\/\/www.areabesos.com\/diario\/wp-json\/wp\/v2\/types\/post"}],"author":[{"embeddable":true,"href":"https:\/\/www.areabesos.com\/diario\/wp-json\/wp\/v2\/users\/2"}],"replies":[{"embeddable":true,"href":"https:\/\/www.areabesos.com\/diario\/wp-json\/wp\/v2\/comments?post=4666"}],"version-history":[{"count":1,"href":"https:\/\/www.areabesos.com\/diario\/wp-json\/wp\/v2\/posts\/4666\/revisions"}],"predecessor-version":[{"id":4669,"href":"https:\/\/www.areabesos.com\/diario\/wp-json\/wp\/v2\/posts\/4666\/revisions\/4669"}],"wp:featuredmedia":[{"embeddable":true,"href":"https:\/\/www.areabesos.com\/diario\/wp-json\/wp\/v2\/media\/4668"}],"wp:attachment":[{"href":"https:\/\/www.areabesos.com\/diario\/wp-json\/wp\/v2\/media?parent=4666"}],"wp:term":[{"taxonomy":"category","embeddable":true,"href":"https:\/\/www.areabesos.com\/diario\/wp-json\/wp\/v2\/categories?post=4666"},{"taxonomy":"post_tag","embeddable":true,"href":"https:\/\/www.areabesos.com\/diario\/wp-json\/wp\/v2\/tags?post=4666"}],"curies":[{"name":"wp","href":"https:\/\/api.w.org\/{rel}","templated":true}]}}