{"id":4657,"date":"2022-01-26T10:37:24","date_gmt":"2022-01-26T09:37:24","guid":{"rendered":"http:\/\/www.areabesos.com\/diario\/?p=4657"},"modified":"2022-01-26T10:37:26","modified_gmt":"2022-01-26T09:37:26","slug":"creu-roja-amplia-la-presencia-a-sant-adria-de-besos","status":"publish","type":"post","link":"https:\/\/www.areabesos.com\/diario\/creu-roja-amplia-la-presencia-a-sant-adria-de-besos\/","title":{"rendered":"Creu Roja amplia la pres\u00e8ncia a Sant Adri\u00e0 de Bes\u00f2s"},"content":{"rendered":"\n<p>El servei d\u2019educadores de Creu Roja Barcelon\u00e8s Nord especialitzats en drogodepend\u00e8ncies, que est\u00e0 actuant al barri de La Mina, ha ampliat la seva zona de treball a tot el territori de Sant Adri\u00e0 del Bes\u00f2s i tamb\u00e9 ha ampliat el seu horari, actuant aix\u00ed d\u201911:00 h a 18:30 h.<br>El servei contractat per l\u2019Ajuntament de Sant Adri\u00e0 del Bes\u00f2s, t\u00e9 com a objectiu prevenir, tractar, informar i disminuir l\u2019impacte de la drogodepend\u00e8ncia i altres tipus d\u2019addiccions al territori, s\u2019ha assignat un punt d\u2019atenci\u00f3 a La Mina. Un espai per a consultes que es faran \u00fanicament amb cita pr\u00e8via a trav\u00e9s d\u2019un tel\u00e8fon que es difondr\u00e0 a la zona d\u2019actuaci\u00f3.<br>Les seves funcions primordials ser\u00e0 sensibilitzar i prevenir a la ciutadania, fer intervencions comunit\u00e0ries i dissenyar actuacions informatives per a la poblaci\u00f3 en general.<\/p>\n","protected":false},"excerpt":{"rendered":"<p>El servei d\u2019educadores de Creu Roja Barcelon\u00e8s Nord especialitzats en drogodepend\u00e8ncies, que est\u00e0 actuant al barri de La Mina, ha ampliat la seva zona de treball a tot el territori de Sant Adri\u00e0 del Bes\u00f2s i tamb\u00e9 ha ampliat el seu horari, actuant aix\u00ed d\u201911:00 h a 18:30 h.El servei contractat per l\u2019Ajuntament de Sant [&hellip;]<\/p>\n","protected":false},"author":2,"featured_media":4659,"comment_status":"open","ping_status":"open","sticky":false,"template":"","format":"standard","meta":{"footnotes":""},"categories":[134,135],"tags":[],"class_list":{"0":"post-4657","1":"post","2":"type-post","3":"status-publish","4":"format-standard","5":"has-post-thumbnail","7":"category-actualitat","8":"category-societat"},"_links":{"self":[{"href":"https:\/\/www.areabesos.com\/diario\/wp-json\/wp\/v2\/posts\/4657","targetHints":{"allow":["GET"]}}],"collection":[{"href":"https:\/\/www.areabesos.com\/diario\/wp-json\/wp\/v2\/posts"}],"about":[{"href":"https:\/\/www.areabesos.com\/diario\/wp-json\/wp\/v2\/types\/post"}],"author":[{"embeddable":true,"href":"https:\/\/www.areabesos.com\/diario\/wp-json\/wp\/v2\/users\/2"}],"replies":[{"embeddable":true,"href":"https:\/\/www.areabesos.com\/diario\/wp-json\/wp\/v2\/comments?post=4657"}],"version-history":[{"count":1,"href":"https:\/\/www.areabesos.com\/diario\/wp-json\/wp\/v2\/posts\/4657\/revisions"}],"predecessor-version":[{"id":4660,"href":"https:\/\/www.areabesos.com\/diario\/wp-json\/wp\/v2\/posts\/4657\/revisions\/4660"}],"wp:featuredmedia":[{"embeddable":true,"href":"https:\/\/www.areabesos.com\/diario\/wp-json\/wp\/v2\/media\/4659"}],"wp:attachment":[{"href":"https:\/\/www.areabesos.com\/diario\/wp-json\/wp\/v2\/media?parent=4657"}],"wp:term":[{"taxonomy":"category","embeddable":true,"href":"https:\/\/www.areabesos.com\/diario\/wp-json\/wp\/v2\/categories?post=4657"},{"taxonomy":"post_tag","embeddable":true,"href":"https:\/\/www.areabesos.com\/diario\/wp-json\/wp\/v2\/tags?post=4657"}],"curies":[{"name":"wp","href":"https:\/\/api.w.org\/{rel}","templated":true}]}}