{"id":4654,"date":"2022-01-26T10:32:35","date_gmt":"2022-01-26T09:32:35","guid":{"rendered":"http:\/\/www.areabesos.com\/diario\/?p=4654"},"modified":"2022-01-26T10:32:36","modified_gmt":"2022-01-26T09:32:36","slug":"audiencia-publica-per-presentar-els-pressupostos-de-2022","status":"publish","type":"post","link":"https:\/\/www.areabesos.com\/diario\/audiencia-publica-per-presentar-els-pressupostos-de-2022\/","title":{"rendered":"Audi\u00e8ncia p\u00fablica per presentar els pressupostos de 2022"},"content":{"rendered":"\n<p>L\u2019Ajuntament de Sant Adri\u00e0 organitzar\u00e0 una audi\u00e8ncia p\u00fablica per informar sobre el pressupost de 2022.<\/p>\n\n\n\n<p>L\u2019audi\u00e8ncia es podr\u00e0 seguir <strong>en directe <\/strong>el proper 3 de febrer, a les 19 h, a trav\u00e9s de la <a href=\"https:\/\/participa311-santadria.diba.cat\/processes\/pressupost2022\">plataforma Decidim per Sant Adri\u00e0<\/a>. En aquesta mateixa plataforma els ciutadans i ciutadanes trobaran tota la informaci\u00f3 sobre els pressupostos i podran enviar els seus dubtes i q\u00fcestions.<\/p>\n\n\n\n<p>L\u2019audi\u00e8ncia p\u00fablica \u00e9s una eina de participaci\u00f3 prevista en el Reglament de Participaci\u00f3 Ciutadana (secci\u00f3 IV, cap\u00edtol III. Mecanismes i instruments generals de participaci\u00f3. Articles 37 i seg\u00fcents).<\/p>\n\n\n\n<p><strong>Desenvolupament de l\u2019audi\u00e8ncia i com participar<\/strong><\/p>\n\n\n\n<p><strong>La informaci\u00f3 del pressupost ja est\u00e0 disponible<\/strong> a la plataforma Decidim per Sant Adri\u00e0 per tal que tothom qui estigui interessant pugui consultar-la.<\/p>\n\n\n\n<p>Durant la sessi\u00f3 l\u2019alcaldessa, Filo Ca\u00f1ete, presentar\u00e0 el pressupost i respondr\u00e0 en directe les preguntes que els ciutadans i ciutadanes hagin enviat pr\u00e8viament. <strong>La data m\u00e0xima per enviar-les ser\u00e0 el 31 de gener.<\/strong><\/p>\n\n\n\n<p>Un cop finalitzada, la sessi\u00f3 quedar\u00e0 enregistrada i a disposici\u00f3 de la ciutadania i les respostes es publicaran per escrit o s\u2019indicar\u00e0 el minut d\u2019emissi\u00f3&nbsp; per agilitar la consulta.<\/p>\n","protected":false},"excerpt":{"rendered":"<p>L\u2019Ajuntament de Sant Adri\u00e0 organitzar\u00e0 una audi\u00e8ncia p\u00fablica per informar sobre el pressupost de 2022. L\u2019audi\u00e8ncia es podr\u00e0 seguir en directe el proper 3 de febrer, a les 19 h, a trav\u00e9s de la plataforma Decidim per Sant Adri\u00e0. En aquesta mateixa plataforma els ciutadans i ciutadanes trobaran tota la informaci\u00f3 sobre els pressupostos i [&hellip;]<\/p>\n","protected":false},"author":2,"featured_media":4655,"comment_status":"open","ping_status":"open","sticky":false,"template":"","format":"standard","meta":{"footnotes":""},"categories":[134,135],"tags":[],"class_list":{"0":"post-4654","1":"post","2":"type-post","3":"status-publish","4":"format-standard","5":"has-post-thumbnail","7":"category-actualitat","8":"category-societat"},"_links":{"self":[{"href":"https:\/\/www.areabesos.com\/diario\/wp-json\/wp\/v2\/posts\/4654","targetHints":{"allow":["GET"]}}],"collection":[{"href":"https:\/\/www.areabesos.com\/diario\/wp-json\/wp\/v2\/posts"}],"about":[{"href":"https:\/\/www.areabesos.com\/diario\/wp-json\/wp\/v2\/types\/post"}],"author":[{"embeddable":true,"href":"https:\/\/www.areabesos.com\/diario\/wp-json\/wp\/v2\/users\/2"}],"replies":[{"embeddable":true,"href":"https:\/\/www.areabesos.com\/diario\/wp-json\/wp\/v2\/comments?post=4654"}],"version-history":[{"count":1,"href":"https:\/\/www.areabesos.com\/diario\/wp-json\/wp\/v2\/posts\/4654\/revisions"}],"predecessor-version":[{"id":4656,"href":"https:\/\/www.areabesos.com\/diario\/wp-json\/wp\/v2\/posts\/4654\/revisions\/4656"}],"wp:featuredmedia":[{"embeddable":true,"href":"https:\/\/www.areabesos.com\/diario\/wp-json\/wp\/v2\/media\/4655"}],"wp:attachment":[{"href":"https:\/\/www.areabesos.com\/diario\/wp-json\/wp\/v2\/media?parent=4654"}],"wp:term":[{"taxonomy":"category","embeddable":true,"href":"https:\/\/www.areabesos.com\/diario\/wp-json\/wp\/v2\/categories?post=4654"},{"taxonomy":"post_tag","embeddable":true,"href":"https:\/\/www.areabesos.com\/diario\/wp-json\/wp\/v2\/tags?post=4654"}],"curies":[{"name":"wp","href":"https:\/\/api.w.org\/{rel}","templated":true}]}}