{"id":4651,"date":"2022-01-24T11:07:00","date_gmt":"2022-01-24T10:07:00","guid":{"rendered":"http:\/\/www.areabesos.com\/diario\/?p=4651"},"modified":"2022-01-25T11:10:43","modified_gmt":"2022-01-25T10:10:43","slug":"anticapitalistes-reivindica-un-referendum-sobre-les-electriques-amb-una-accio-davant-de-la-central-dendesa-al-besos","status":"publish","type":"post","link":"https:\/\/www.areabesos.com\/diario\/anticapitalistes-reivindica-un-referendum-sobre-les-electriques-amb-una-accio-davant-de-la-central-dendesa-al-besos\/","title":{"rendered":"Anticapitalistes reivindica un refer\u00e8ndum sobre les el\u00e8ctriques amb una acci\u00f3 davant de la central d&#8217;Endesa al Bes\u00f2s"},"content":{"rendered":"\n<p>Unes 50 persones van participar de l\u2019acci\u00f3 sorpresa d\u2019Anticapitalistes davant la central t\u00e8rmica d\u2019Endesa a la desembocadura del riu Bes\u00f2s el passat dissabte 22 de gener. La protesta estava emmarcada dins la campanya confederal Decidim-ho tot i volia assenyalar l\u2019oligopoli energ\u00e8tic per lucrar-se amb la pujada del preu de la llum i com a responsable de la crisi clim\u00e0tica. Anticapitalistes considera l\u2019espai on es va desenvolupar l\u2019acci\u00f3 exemplar i paradigm\u00e0tic de l\u2019actual model energ\u00e8tic perqu\u00e8 tamb\u00e9 s\u2019hi ubiquen instal\u00b7lacions de Naturgy, l\u2019incineradora Tersa i la depuradora d\u2019aig\u00fces residuals.<br>Es va desplegar una pancarta amb el lema \u201cL\u2019economia al servei de la gent\u201d, es van corejar c\u00e0ntics a favor de la nacionalitzaci\u00f3 d\u2019Endesa i diversos parlaments van, d\u2019una banda, criticar els impactes socials i ambientals del sistema energ\u00e8tic, i, de l\u2019altra, defensar transformacions radicals per la democratitzaci\u00f3 de la producci\u00f3, la distribuci\u00f3 i el consum d\u2019energia.<br>A la concentraci\u00f3 van participar activistes de plataformes ve\u00efnals i ecologistes dels barris propers a les plantes com Aire Net i Marea Verda de Sant Adri\u00e0 que han denunciat reiteradament que aquestes instal\u00b7lacions s\u00f3n focus de sorolls i contaminaci\u00f3 de l&#8217;aigua i de l&#8217;aire incompatible amb la qualitat de vida del ve\u00efnat. Des d\u2019Aire Net es va explicar la seva lluita per aconseguir el tancament de la incineradora Tersa i Marea Verda va posar l\u2019accent en la gran quantitat de problemes socioambientals que pateixen els barris del Bes\u00f2s fruit d\u2019un model que nom\u00e9s contempla els beneficis de les empreses.<br>Aix\u00ed mateix, l\u2019associaci\u00f3 Els Verds Badalona, membres de la plataforma per la conservaci\u00f3 de les Tres Xemeneies, van denunciar el PDU que afecta aquests terrenys com una gran operaci\u00f3 especulativa de la mateixa Endesa, del Santander i del BBVA juntament amb l\u2019\u00c0rea Metropolitana de Barcelona i altres administracions p\u00fabliques. Aquest projecte pret\u00e9n que es construeixi un nou barri de quasi 2.000 pisos i un &#8216;hub&#8217; audiovisual als antics terrenys de les Tres Xemeneies.<br>Aquesta acumulaci\u00f3 de conflictes socioambientals en una mateixa zona oblidada i perif\u00e8rica va fer que Anticapitalites volgu\u00e9s visibilitzar que es tracta de problemes que van m\u00e9s enll\u00e0 de la dimensi\u00f3 barrial i local i que estan connectats amb un model de societat i de pa\u00eds que cal deixar enrere \u201cbeneficis milionaris per a uns pocs, pobresa per a la majoria i explotaci\u00f3 irracional dels recursos naturals fins a esgotar-los i posar en risc les nostres condicions de vida.\u201d<\/p>\n\n\n\n<p><br><strong>Per qu\u00e8 reivindicar un refer\u00e8ndum sobre les el\u00e8ctriques i l\u2019habitatge?<\/strong><br>Anticapitalistes descriuen l\u2019oligopoli com \u201cun grapat de grans empreses fruit de d\u00e8cades de privatitzacions que s&#8217;omplen les butxaques amb la pujada de la llum i que treballen sense descans perqu\u00e8 res no canvi\u00ef amb la transici\u00f3 energ\u00e8tica\u201d. <br>Denuncien que les empreses m\u00e9s contaminants es volen presentar com la soluci\u00f3 a la greu emerg\u00e8ncia clim\u00e0tica quan s\u00f3n part del problema. A m\u00e9s, l\u2019organitzaci\u00f3 anticapitalista considera que \u201cels interessos d\u2019aquestes mateixes empreses passen per davant dels drets i preocupacions de la majoria tal i com tamb\u00e9 est\u00e0 passant amb la inflaci\u00f3 generalitzada, amb la reforma laboral o amb la llei d\u2019habitatge estatal\u201d. Per aquest motiu, no es prenen decisions legislatives a l&#8217;al\u00e7ada dels problemes existents com la pobresa energ\u00e8tica, l\u2019emerg\u00e8ncia habitacional o la precarietat laboral i vital.<br>Davant d\u2019aquest escenari, la campanya Decidim-ho tot proposa avan\u00e7ar de forma decidida per defensar els interessos de les classes populars i fer-ho amb m\u00e9s democr\u00e0cia econ\u00f2mica. Al conjunt de l\u2019Estat espanyol Anticapitalistas porta fent difusi\u00f3, accions i recollint suports per la campanya des del passat mes d\u2019octubre.<br>La reivindicaci\u00f3 principal \u00e9s que el Govern convoqui un refer\u00e8ndum (segons les compet\u00e8ncies previstes la Llei Org\u00e0nica de Refer\u00e8ndum 2\/1980) perqu\u00e8 sigui la<br>ciutadania qui decideixi democr\u00e0ticament sobre el mercat de l\u2019habitatge i el mercat<br>el\u00e8ctric. Les preguntes del refer\u00e8ndum que es proposen girarien al voltant la<br>socialitzaci\u00f3 dels habitatges en mans de grans empreses privades i de les grans<br>empreses energ\u00e8tiques, (com Endesa i Naturgy) per orientar aquests b\u00e9ns comuns<br>cap a les necessitats i no cap als beneficis privats.<\/p>\n","protected":false},"excerpt":{"rendered":"<p>Unes 50 persones van participar de l\u2019acci\u00f3 sorpresa d\u2019Anticapitalistes davant la central t\u00e8rmica d\u2019Endesa a la desembocadura del riu Bes\u00f2s el passat dissabte 22 de gener. La protesta estava emmarcada dins la campanya confederal Decidim-ho tot i volia assenyalar l\u2019oligopoli energ\u00e8tic per lucrar-se amb la pujada del preu de la llum i com a responsable [&hellip;]<\/p>\n","protected":false},"author":2,"featured_media":4652,"comment_status":"open","ping_status":"open","sticky":false,"template":"","format":"standard","meta":{"footnotes":""},"categories":[134,135],"tags":[],"class_list":{"0":"post-4651","1":"post","2":"type-post","3":"status-publish","4":"format-standard","5":"has-post-thumbnail","7":"category-actualitat","8":"category-societat"},"_links":{"self":[{"href":"https:\/\/www.areabesos.com\/diario\/wp-json\/wp\/v2\/posts\/4651","targetHints":{"allow":["GET"]}}],"collection":[{"href":"https:\/\/www.areabesos.com\/diario\/wp-json\/wp\/v2\/posts"}],"about":[{"href":"https:\/\/www.areabesos.com\/diario\/wp-json\/wp\/v2\/types\/post"}],"author":[{"embeddable":true,"href":"https:\/\/www.areabesos.com\/diario\/wp-json\/wp\/v2\/users\/2"}],"replies":[{"embeddable":true,"href":"https:\/\/www.areabesos.com\/diario\/wp-json\/wp\/v2\/comments?post=4651"}],"version-history":[{"count":1,"href":"https:\/\/www.areabesos.com\/diario\/wp-json\/wp\/v2\/posts\/4651\/revisions"}],"predecessor-version":[{"id":4653,"href":"https:\/\/www.areabesos.com\/diario\/wp-json\/wp\/v2\/posts\/4651\/revisions\/4653"}],"wp:featuredmedia":[{"embeddable":true,"href":"https:\/\/www.areabesos.com\/diario\/wp-json\/wp\/v2\/media\/4652"}],"wp:attachment":[{"href":"https:\/\/www.areabesos.com\/diario\/wp-json\/wp\/v2\/media?parent=4651"}],"wp:term":[{"taxonomy":"category","embeddable":true,"href":"https:\/\/www.areabesos.com\/diario\/wp-json\/wp\/v2\/categories?post=4651"},{"taxonomy":"post_tag","embeddable":true,"href":"https:\/\/www.areabesos.com\/diario\/wp-json\/wp\/v2\/tags?post=4651"}],"curies":[{"name":"wp","href":"https:\/\/api.w.org\/{rel}","templated":true}]}}