{"id":4648,"date":"2022-01-21T11:56:14","date_gmt":"2022-01-21T10:56:14","guid":{"rendered":"http:\/\/www.areabesos.com\/diario\/?p=4648"},"modified":"2022-01-21T11:56:15","modified_gmt":"2022-01-21T10:56:15","slug":"formacio-i-treball-impulsa-una-nova-delegacio-al-barcelones-nord-en-alianca-amb-la-fundacio-llegat-roca-i-pi","status":"publish","type":"post","link":"https:\/\/www.areabesos.com\/diario\/formacio-i-treball-impulsa-una-nova-delegacio-al-barcelones-nord-en-alianca-amb-la-fundacio-llegat-roca-i-pi\/","title":{"rendered":"Formaci\u00f3 i Treball impulsa una nova delegaci\u00f3 al Barcelon\u00e8s Nord en alian\u00e7a amb la Fundaci\u00f3 Llegat Roca i Pi"},"content":{"rendered":"\n<p>La Fundaci\u00f3 Formaci\u00f3 i Treball impulsa una nova delegaci\u00f3 al Barcelon\u00e8s Nord en alian\u00e7a amb la Fundaci\u00f3 Llegat Roca i Pi. Es tracta d\u2019una nova nau ubicada al Pol\u00edgon Industrial Badalona Sud, al carrer de la Mora n\u00famero 23. Amb aquest nou espai es vol generar impacte social i econ\u00f2mic en el territori a trav\u00e9s dels diferents programes de formaci\u00f3 i d\u2019inserci\u00f3 sociolaboral de les dues fundacions i amb una oferta de contractaci\u00f3 responsable de serveis a les empreses, amb la marca iServeis. La ubicaci\u00f3 a la ciutat de Badalona significa una aposta estrat\u00e8gica per la <strong>generaci\u00f3 de llocs de feina que millorin l\u2019ocupabilitat de persones en risc d\u2019exclusi\u00f3 social en el territori.<\/strong> Es consolida aix\u00ed l\u2019alian\u00e7a i el comprom\u00eds de les dues entitats amb el mateix projecte.&nbsp;<\/p>\n\n\n\n<p>La nova delegaci\u00f3 comptar\u00e0 amb<strong> un equip de 26 persones, de les quals 10 seran treballadores i treballadors d\u2019inserci\u00f3 <\/strong>que es dedicaran a la l\u00ednia de serveis.&nbsp;Es preveu que aquesta activitat econ\u00f2mica ofereixi un entorn on alumnes dels diversos itineraris formatius puguin realitzar pr\u00e0ctiques en un entorn de treball real. Aix\u00f2 facilitar\u00e0 l\u2019aprenentatge de nous oficis i la integraci\u00f3 final en el mercat de treball.<\/p>\n\n\n\n<p>El 20 de gener s\u2019ha inaugurat el nou espai amb la pres\u00e8ncia de l\u2019alcalde de Badalona Rub\u00e9n Guijarro, que ha insistit en la \u201cimport\u00e0ncia de l\u2019ocupabilitat i de la creaci\u00f3 d\u2019oportunitats\u201d i ha agra\u00eft la confian\u00e7a en la ciutat per a la nova ubicaci\u00f3 de la delegaci\u00f3. Per la seva banda, des de la direcci\u00f3 de les entitats implicades, Xavier Puig, codirector de Formaci\u00f3 i Treball, i Mijail Acosta, director de la Fundaci\u00f3 Llegat Roca i Pi, han remarcat que apostar per la inserci\u00f3 laboral \u00e9s acci\u00f3 social enfocada a la inclusi\u00f3 i que cal treballar estrat\u00e8gicament en xarxa per fer possible projectes en alian\u00e7a com el que representa aquesta nova delegaci\u00f3.&nbsp;<\/p>\n\n\n\n<p>L\u2019alian\u00e7a entre les dues entitats es va constituir l\u2019octubre del 2019 i va significar un pas endavant en una relaci\u00f3 ja establerta des del 2014 amb l\u2019obertura del Taller Sant Isidre, un centre s\u00f2cio-ocupacional dirigit a persones sense llar. El conveni de col\u00b7laboraci\u00f3 i el comprom\u00eds econ\u00f2mic de la Fundaci\u00f3 Llegat Roca i Pi en aquest projecte \u00e9s una opci\u00f3 estrat\u00e8gica per promoure un programa d\u2019inserci\u00f3 laboral a la ciutat de Badalona com a mitj\u00e0 per combatre l\u2019exclusi\u00f3 laboral i social i oferir oportunitats d\u2019accedir al mercat de treball als col\u00b7lectius m\u00e9s vulnerables.<\/p>\n","protected":false},"excerpt":{"rendered":"<p>La Fundaci\u00f3 Formaci\u00f3 i Treball impulsa una nova delegaci\u00f3 al Barcelon\u00e8s Nord en alian\u00e7a amb la Fundaci\u00f3 Llegat Roca i Pi. Es tracta d\u2019una nova nau ubicada al Pol\u00edgon Industrial Badalona Sud, al carrer de la Mora n\u00famero 23. Amb aquest nou espai es vol generar impacte social i econ\u00f2mic en el territori a trav\u00e9s [&hellip;]<\/p>\n","protected":false},"author":2,"featured_media":4649,"comment_status":"open","ping_status":"open","sticky":false,"template":"","format":"standard","meta":{"footnotes":""},"categories":[134,135],"tags":[],"class_list":{"0":"post-4648","1":"post","2":"type-post","3":"status-publish","4":"format-standard","5":"has-post-thumbnail","7":"category-actualitat","8":"category-societat"},"_links":{"self":[{"href":"https:\/\/www.areabesos.com\/diario\/wp-json\/wp\/v2\/posts\/4648","targetHints":{"allow":["GET"]}}],"collection":[{"href":"https:\/\/www.areabesos.com\/diario\/wp-json\/wp\/v2\/posts"}],"about":[{"href":"https:\/\/www.areabesos.com\/diario\/wp-json\/wp\/v2\/types\/post"}],"author":[{"embeddable":true,"href":"https:\/\/www.areabesos.com\/diario\/wp-json\/wp\/v2\/users\/2"}],"replies":[{"embeddable":true,"href":"https:\/\/www.areabesos.com\/diario\/wp-json\/wp\/v2\/comments?post=4648"}],"version-history":[{"count":1,"href":"https:\/\/www.areabesos.com\/diario\/wp-json\/wp\/v2\/posts\/4648\/revisions"}],"predecessor-version":[{"id":4650,"href":"https:\/\/www.areabesos.com\/diario\/wp-json\/wp\/v2\/posts\/4648\/revisions\/4650"}],"wp:featuredmedia":[{"embeddable":true,"href":"https:\/\/www.areabesos.com\/diario\/wp-json\/wp\/v2\/media\/4649"}],"wp:attachment":[{"href":"https:\/\/www.areabesos.com\/diario\/wp-json\/wp\/v2\/media?parent=4648"}],"wp:term":[{"taxonomy":"category","embeddable":true,"href":"https:\/\/www.areabesos.com\/diario\/wp-json\/wp\/v2\/categories?post=4648"},{"taxonomy":"post_tag","embeddable":true,"href":"https:\/\/www.areabesos.com\/diario\/wp-json\/wp\/v2\/tags?post=4648"}],"curies":[{"name":"wp","href":"https:\/\/api.w.org\/{rel}","templated":true}]}}