{"id":4624,"date":"2022-01-14T13:36:23","date_gmt":"2022-01-14T12:36:23","guid":{"rendered":"http:\/\/www.areabesos.com\/diario\/?p=4624"},"modified":"2022-01-14T13:36:24","modified_gmt":"2022-01-14T12:36:24","slug":"representants-del-consell-de-treball-economic-i-social-de-catalunya-visiten-sant-adria","status":"publish","type":"post","link":"https:\/\/www.areabesos.com\/diario\/representants-del-consell-de-treball-economic-i-social-de-catalunya-visiten-sant-adria\/","title":{"rendered":"Representants del Consell de Treball, Econ\u00f2mic i Social de Catalunya visiten Sant Adri\u00e0"},"content":{"rendered":"\n<p>El president, Toni Mora, i la secret\u00e0ria executiva del Consell de Treball, Econ\u00f2mic i Social de Catalunya, CTESC, Carme Garcia Jarque, s&#8217;han reunit avui amb l&#8217;alcaldessa de Sant Adri\u00e0 de Bes\u00f3s, Filo Ca\u00f1ete per exposar les tasques que fa el Consell i explorar possibilitats de col\u00b7laboraci\u00f3.<\/p>\n\n\n\n<p>El CTESC &nbsp;\u00e9s un \u00f2rgan assessor del govern de la Generalitat de Catalunya que est\u00e0 &nbsp;conformat pels sindicats i les patronals majoritaris (CCOO i UGT, Foment del Treball i Pimec), l&#8217;economia social (Confederaci\u00f3 de Cooperatives i Taula del Tercer sector) , el sector primari (Uni\u00f3 de Pagesos, Joves Agricultors i Ramaders de Catalunya i Federaci\u00f3 Nacional Catalana de Pescadors), aix\u00ed com sis experts nomenats pel Govern.<\/p>\n\n\n\n<p>En l&#8217;exercici de les seves funcions el CTESC fa Dict\u00e0mens preceptius sobre tota la normativa catalana relativa als \u00e0mbits econ\u00f2mic, social i laboral i tamb\u00e9 elabora Informes sobre temes d&#8217;actualitat per enc\u00e0rrec del govern o b\u00e9 a iniciativa pr\u00f2pia per acord de tots els seus membres.<\/p>\n","protected":false},"excerpt":{"rendered":"<p>El president, Toni Mora, i la secret\u00e0ria executiva del Consell de Treball, Econ\u00f2mic i Social de Catalunya, CTESC, Carme Garcia Jarque, s&#8217;han reunit avui amb l&#8217;alcaldessa de Sant Adri\u00e0 de Bes\u00f3s, Filo Ca\u00f1ete per exposar les tasques que fa el Consell i explorar possibilitats de col\u00b7laboraci\u00f3. El CTESC &nbsp;\u00e9s un \u00f2rgan assessor del govern de [&hellip;]<\/p>\n","protected":false},"author":2,"featured_media":4625,"comment_status":"open","ping_status":"open","sticky":false,"template":"","format":"standard","meta":{"footnotes":""},"categories":[134,135],"tags":[],"class_list":{"0":"post-4624","1":"post","2":"type-post","3":"status-publish","4":"format-standard","5":"has-post-thumbnail","7":"category-actualitat","8":"category-societat"},"_links":{"self":[{"href":"https:\/\/www.areabesos.com\/diario\/wp-json\/wp\/v2\/posts\/4624","targetHints":{"allow":["GET"]}}],"collection":[{"href":"https:\/\/www.areabesos.com\/diario\/wp-json\/wp\/v2\/posts"}],"about":[{"href":"https:\/\/www.areabesos.com\/diario\/wp-json\/wp\/v2\/types\/post"}],"author":[{"embeddable":true,"href":"https:\/\/www.areabesos.com\/diario\/wp-json\/wp\/v2\/users\/2"}],"replies":[{"embeddable":true,"href":"https:\/\/www.areabesos.com\/diario\/wp-json\/wp\/v2\/comments?post=4624"}],"version-history":[{"count":1,"href":"https:\/\/www.areabesos.com\/diario\/wp-json\/wp\/v2\/posts\/4624\/revisions"}],"predecessor-version":[{"id":4626,"href":"https:\/\/www.areabesos.com\/diario\/wp-json\/wp\/v2\/posts\/4624\/revisions\/4626"}],"wp:featuredmedia":[{"embeddable":true,"href":"https:\/\/www.areabesos.com\/diario\/wp-json\/wp\/v2\/media\/4625"}],"wp:attachment":[{"href":"https:\/\/www.areabesos.com\/diario\/wp-json\/wp\/v2\/media?parent=4624"}],"wp:term":[{"taxonomy":"category","embeddable":true,"href":"https:\/\/www.areabesos.com\/diario\/wp-json\/wp\/v2\/categories?post=4624"},{"taxonomy":"post_tag","embeddable":true,"href":"https:\/\/www.areabesos.com\/diario\/wp-json\/wp\/v2\/tags?post=4624"}],"curies":[{"name":"wp","href":"https:\/\/api.w.org\/{rel}","templated":true}]}}