{"id":4618,"date":"2022-01-14T10:39:20","date_gmt":"2022-01-14T09:39:20","guid":{"rendered":"http:\/\/www.areabesos.com\/diario\/?p=4618"},"modified":"2022-01-14T10:39:21","modified_gmt":"2022-01-14T09:39:21","slug":"prensa-con-tics-franquistas-defiende-a-espana-contra-villarejo","status":"publish","type":"post","link":"https:\/\/www.areabesos.com\/diario\/prensa-con-tics-franquistas-defiende-a-espana-contra-villarejo\/","title":{"rendered":"Prensa con tics franquistas defiende a Espa\u00f1a contra Villarejo"},"content":{"rendered":"\n<p>Son las 21:45 horas del 13 de enero de 2022, estoy a punto de enviar este art\u00edculo para que usted pueda leerlo y, de repente, suena el m\u00f3vil.<\/p>\n\n\n\n<p>Se trata de un mensaje de la plataforma Change.org que informa de la recogida de firmas iniciada por el padre de Xavi, el ni\u00f1o de 3 a\u00f1os asesinado el 17 de agosto de 2017 durante los atentados de Barcelona y Cambrills. Murieron 16 personas y 169 resultaron heridas.<\/p>\n\n\n\n<p>Si desea usted conocer lo que pide el padre de Xavi, es aqu\u00ed:<\/p>\n\n\n\n<figure class=\"wp-block-embed\"><div class=\"wp-block-embed__wrapper\">\nhttps:\/\/www.change.org\/p\/por-una-comisi%C3%B3n-de-investigaci%C3%B3n-en-el-congreso-sobre-los-atentados-de-barcelona\n<\/div><\/figure>\n\n\n\n<p>Ahora comienzo con el texto que justifica el t\u00edtulo de este art\u00edculo.<\/p>\n\n\n\n<p>Antes de ayer, 11 de enero de 2022 y en sede judicial, durante la vista del caso \u201cTandem\u201d el empresario y excomisario de la Polic\u00eda Nacional Jos\u00e9 Manuel Villarejo declar\u00f3:<\/p>\n\n\n\n<p>\u201cYo he seguido trabajando para el CNI hasta el \u00faltimo d\u00eda, hasta el d\u00eda que me detuvieron, f\u00edjese, estuve trabajando con ellos para intentar arreglar el entuerto del famoso atentado del im\u00e1n de Ripoll, etc\u00e9tera, etc\u00e9tera, donde al final fue un error grave del se\u00f1or Sanz Rold\u00e1n, que calcul\u00f3 mal las consecuencias, por darle un peque\u00f1o susto a Catalunya\u201d.<\/p>\n\n\n\n<p>Al d\u00eda siguiente, 12 de enero, Villarejo a\u00f1adi\u00f3 le\u00f1a al fuego. Resumiendo, dijo que sabe c\u00f3mo se alteraron las pruebas, que en ocasiones se organizaban comandos ficticios, no con la intenci\u00f3n de realizar atentados pero que, ante el auge del independentismo, \u201cse trataba de crear una apariencia del riesgo para que Catalunya sintiera la necesidad de protecci\u00f3n del Estado\u201d.<\/p>\n\n\n\n<p>Y, por \u00faltimo, y en respuesta a los que le exigen que presente pruebas, dijo: \u00ab\u00bfQuieren pruebas? Que vayan a mis archivos.&nbsp;\u00bfPor qu\u00e9 los han declarado secretos? Yo autorizo que se liberen. Tenemos que pensar que la ciudadan\u00eda no es menor de edad&nbsp;y no se puede utilizar la ley de secretos oficiales, una ley franquista, obsoleta, de 1968, para ocultarlo todo\u00bb.<\/p>\n\n\n\n<p>Hasta aqu\u00ed una noticia de alcance que quiz\u00e1s usted conozca, pero no por haberla visto en las portadas de los medios importantes de \u00e1mbito estatal, sean digitales o de papel.<\/p>\n\n\n\n<p>Pero \u201ces la democracia, amigo\u201d, y si usted dirige un medio que no tuvo inconveniente en poner \u201cVillarejo\u201d para informar que al rey de Espa\u00f1a le dopaban con hormonas femeninas para que no enga\u00f1ara tanto a la reina Sof\u00eda, usted est\u00e1 profesionalmente obligado a poner \u201cVillarejo\u201d para informar de lo que ha declarado sobre el CNI y el atentado de agosto de 2017 en Barcelona, algo que tiene un inter\u00e9s informativo que multiplica por muchas veces cualquier noticia sobre un rey al que millones quieren hundir para que nadie recuerde que su hijo tuvo un padre.<\/p>\n\n\n\n<p>\u201cEs la democracia, amiga\u201d, o deber\u00eda serlo, Pepa Bueno de \u201cEl Pa\u00eds\u201d, porque el d\u00eda 16 de diciembre pasado publicaste que \u201c<em>El Senado acepta una petici\u00f3n para que B\u00e1rbara Rey comparezca por el presunto cobro de fondos reservados<\/em>\u201d y, aunque parece que no os gusta escribir \u201cVillarejo\u201d, todo el mundo sabe qui\u00e9n fue el ex comisario que inform\u00f3, tambi\u00e9n, de esa mierda en la que los gestores de las cloacas convierten nuestros impuestos.<\/p>\n\n\n\n<p>\u201cEs la democracia, amiga\u201d, de nuevo Pepa Bueno, y no se puede publicar la mentira cochina de que la sentencia del juicio del 17-A desmont\u00f3 la teor\u00eda de la relaci\u00f3n entre los terroristas y el CNI, cuando el juez Guevara, presidente del tribunal, dej\u00f3 escrito en la sentencia que esa supuesta relaci\u00f3n no se investig\u00f3, ni permiti\u00f3 que se investigara a pesar de las peticiones del abogado del ni\u00f1o de 3 a\u00f1os asesinado, porque no era lo que se estaba juzgando.<\/p>\n\n\n\n<p>Afirmo que son \u201ctics franquistas\u201d porque no puedo evitar el recuerdo de los a\u00f1os 70 del siglo pasado, cuando la prensa espa\u00f1ola casi ignoraba juicios como el de Burgos o el proceso 1001 contra los l\u00edderes CC.OO.<\/p>\n\n\n\n<p>\u201cTics franquistas\u201d que nunca se han superado, tal como ocurri\u00f3 cuando casi toda la prensa, y tambi\u00e9n \u201cEl Pa\u00eds\u201d, cumplieron las \u00f3rdenes del presidente Aznar, aquel embustero al que casi 200 muertos le parecieron una oportuna moneda de cambio, y publicaron en portada que el 11-M de 2004 en Madrid hab\u00eda sido cosa de ETA.<\/p>\n\n\n\n<p>Y qu\u00e9 paradoja ser\u00eda que negar hoy las portadas a posibles mentiras ocultas sobre el 17-A de 2017 en Barcelona termine contribuyendo a derrotar al mismo PSOE que gan\u00f3 el gobierno gracias a una sociedad que, en estado de shock, fue capaz de reaccionar para derrotar al PP de la mentira m\u00e1s oportunista y cruel de todas las que se recuerdan.<\/p>\n\n\n\n<p>Llegados a este punto de un asunto cuya cola pude llegar mucho m\u00e1s lejos de lo que podamos imaginar, procede analizar las palabras de Villarejo, tan ignoradas por la prensa espa\u00f1ola con la excusa de que el acusado miente, como si la ley no le permitiera hacerlo para evitar 109 a\u00f1os de prisi\u00f3n, y la obligaci\u00f3n de la acusaci\u00f3n no sea decir que miente, sino demostrarlo, tambi\u00e9n para conseguir su condena.<\/p>\n\n\n\n<p>En primer lugar, hay que reconocer que, en este asunto, Villarejo no es un traidor, pues no lo es quien avisa de la amenaza que maneja, y ya advirti\u00f3 hace tiempo que dispon\u00eda de informaciones que har\u00edan temblar al Estado.<\/p>\n\n\n\n<p>En segundo lugar, Villarejo tambi\u00e9n dice verdades. Por ejemplo, lo es cuando dijo que \u201che seguido trabajando para el CNI hasta el \u00faltimo d\u00eda, hasta el d\u00eda que me detuvieron, f\u00edjese, estuve trabajando con ellos para intentar arreglar el entuerto del famoso atentado del im\u00e1n de Ripoll\u201d, pues fue detenido el 3 de noviembre y el atentado se cometi\u00f3 dos meses y medio antes.<\/p>\n\n\n\n<p>En tercer lugar, entra dentro de lo muy probable que, en agosto de 2017 y a dos semanas de un refer\u00e9ndum ilegal, hubiera en el CNI responsables, tan impunes como se sienten todos all\u00ed dentro, dispuesto a convertirse en aprendiz de brujo jugando con fuego o, en aquel momento, dejar hacer a un islamista confidente, importando menos si Puigdemont y su gobierno recib\u00edan un \u201cpeque\u00f1o susto\u201d para que as\u00ed comprendieran que a Catalunya le conven\u00eda la protecci\u00f3n de Espa\u00f1a.<\/p>\n\n\n\n<p>Hay que tener en cuenta que esa misma Espa\u00f1a \u201cprotectora\u201d es un pa\u00eds que nunca ha condenado a los militares que, durante el siglo XX, cumplieron las \u00f3rdenes dadas en el XIX por el general Baldomero Espartero, regente durante la minor\u00eda de edad de Isabel II, cuando afirm\u00f3 que \u201cPor el bien de Espa\u00f1a, hay que bombardear Barcelona una vez cada 50 a\u00f1os\u201d.<\/p>\n\n\n\n<p>Y, para terminar, un argumento imbatible, pero que obsesivamente rechazan aquellos a los que no les importa convertirse en c\u00f3mplices intelectuales de quienes manejan los hilos de los cr\u00edmenes de Estado.<\/p>\n\n\n\n<p>Mientras lo que Villarejo diga o deje de decir solo pueda ser conocido por quienes tienen la llave de la Ley de Secretos Oficiales, cualquier opini\u00f3n de un tercero puede corresponder a la verdad, sea la que sea. Por ejemplo, la de usted o la m\u00eda.<\/p>\n\n\n\n<p>A m\u00e1s de uno, comenzando por Pedro S\u00e1nchez, se le deber\u00eda caer la cara de verg\u00fcenza para que incluso un personaje tan siniestro como Villarejo, que entr\u00f3 en la polic\u00eda en 1972, antes de la muerte del dictador, aproveche para decir que la Ley de Secretos no se puede utilizar para cualquier cosa.<\/p>\n\n\n\n<p>Y hasta aqu\u00ed lo que estaba escrito antes del mensaje de Change.<\/p>\n\n\n\n<p>En este momento la petici\u00f3n del padre de Xavi ha superado las 150.000 firmas, pero, como se dec\u00eda antiguamente, antes de que la Mesa del Congreso se d\u00e9 por enterada les habr\u00e1n salido tirabuzones a las ranas.<\/p>\n\n\n\n<p>Por eso, la pregunta es: \u00bfCu\u00e1ntas firmas necesita conseguir esta movilizaci\u00f3n pac\u00edfica para que la prensa espa\u00f1ola se haga eco?<\/p>\n\n\n\n<p>Ojal\u00e1 haya podido encontrar usted esta informaci\u00f3n antes de leer este art\u00edculo.<\/p>\n","protected":false},"excerpt":{"rendered":"<p>Son las 21:45 horas del 13 de enero de 2022, estoy a punto de enviar este art\u00edculo para que usted pueda leerlo y, de repente, suena el m\u00f3vil. Se trata de un mensaje de la plataforma Change.org que informa de la recogida de firmas iniciada por el padre de Xavi, el ni\u00f1o de 3 a\u00f1os [&hellip;]<\/p>\n","protected":false},"author":2,"featured_media":4619,"comment_status":"open","ping_status":"open","sticky":false,"template":"","format":"standard","meta":{"footnotes":""},"categories":[139],"tags":[],"class_list":{"0":"post-4618","1":"post","2":"type-post","3":"status-publish","4":"format-standard","5":"has-post-thumbnail","7":"category-opinio"},"_links":{"self":[{"href":"https:\/\/www.areabesos.com\/diario\/wp-json\/wp\/v2\/posts\/4618","targetHints":{"allow":["GET"]}}],"collection":[{"href":"https:\/\/www.areabesos.com\/diario\/wp-json\/wp\/v2\/posts"}],"about":[{"href":"https:\/\/www.areabesos.com\/diario\/wp-json\/wp\/v2\/types\/post"}],"author":[{"embeddable":true,"href":"https:\/\/www.areabesos.com\/diario\/wp-json\/wp\/v2\/users\/2"}],"replies":[{"embeddable":true,"href":"https:\/\/www.areabesos.com\/diario\/wp-json\/wp\/v2\/comments?post=4618"}],"version-history":[{"count":1,"href":"https:\/\/www.areabesos.com\/diario\/wp-json\/wp\/v2\/posts\/4618\/revisions"}],"predecessor-version":[{"id":4620,"href":"https:\/\/www.areabesos.com\/diario\/wp-json\/wp\/v2\/posts\/4618\/revisions\/4620"}],"wp:featuredmedia":[{"embeddable":true,"href":"https:\/\/www.areabesos.com\/diario\/wp-json\/wp\/v2\/media\/4619"}],"wp:attachment":[{"href":"https:\/\/www.areabesos.com\/diario\/wp-json\/wp\/v2\/media?parent=4618"}],"wp:term":[{"taxonomy":"category","embeddable":true,"href":"https:\/\/www.areabesos.com\/diario\/wp-json\/wp\/v2\/categories?post=4618"},{"taxonomy":"post_tag","embeddable":true,"href":"https:\/\/www.areabesos.com\/diario\/wp-json\/wp\/v2\/tags?post=4618"}],"curies":[{"name":"wp","href":"https:\/\/api.w.org\/{rel}","templated":true}]}}