{"id":4610,"date":"2022-01-12T13:37:48","date_gmt":"2022-01-12T12:37:48","guid":{"rendered":"http:\/\/www.areabesos.com\/diario\/?p=4610"},"modified":"2022-01-12T13:37:49","modified_gmt":"2022-01-12T12:37:49","slug":"nova-exposicio-a-lagrupacio-fotografica-sant-adria","status":"publish","type":"post","link":"https:\/\/www.areabesos.com\/diario\/nova-exposicio-a-lagrupacio-fotografica-sant-adria\/","title":{"rendered":"Nova exposici\u00f3 a l&#8217;Agrupaci\u00f3 Fotogr\u00e0fica Sant Adri\u00e0"},"content":{"rendered":"\n<p>La Sala d&#8217;exposicions Joan Vila i Plana acull a partir de dem\u00e0 una nova exposici\u00f3, en aquest cas dedicada a l&#8217;obra del fot\u00f2graf David Cucal\u00f3n i Jabaloyes. Una mostra que recull imatges captades els darrers anys, en especial de carrer i de paissatge. \u00abAquestes fotografies representen el meu concepte d&#8217;aquest art, posar la c\u00e0mera davant el m\u00f3n, d&#8217;aqu\u00ed el nom d&#8217;A trav\u00e9s de la lent\u00bb, comenta el fot\u00f2graf. \u00abM&#8217;agrada la recerca d&#8217;all\u00f2 que tenim al voltant i donar-li una perspectiva diferent. La llarga exposici\u00f3, la profunditat de camp i l&#8217;\u00fas de l\u00ednies m&#8217;ajuda a compondre les imatges\u00bb, continua.<\/p>\n\n\n\n<p>L&#8217;exposici\u00f3 \u00abA trav\u00e9s de la lent\u00bb \u00e9s pot visitar fins el 3 de febrer, de dilluns a dijous, de 18.30 a 20.30 hores a l&#8217;Agrupaci\u00f3 Fotogr\u00e0fica Sant Adri\u00e0, situada al carrer Dr. Barraquer, 6, baixos, de Sant Adri\u00e0 de Bes\u00f2s. <\/p>\n\n\n\n<figure class=\"wp-block-gallery columns-2 is-cropped wp-block-gallery-1 is-layout-flex wp-block-gallery-is-layout-flex\"><ul class=\"blocks-gallery-grid\"><li class=\"blocks-gallery-item\"><figure><a href=\"https:\/\/www.areabesos.com\/diario\/wp-content\/uploads\/2022\/01\/A-traves-de-la-lent-2.jpg\"><img loading=\"lazy\" decoding=\"async\" width=\"675\" height=\"900\" src=\"https:\/\/www.areabesos.com\/diario\/wp-content\/uploads\/2022\/01\/A-traves-de-la-lent-2.jpg\" alt=\"\" data-id=\"4612\" data-link=\"https:\/\/www.areabesos.com\/diario\/?attachment_id=4612\" class=\"wp-image-4612\" srcset=\"https:\/\/www.areabesos.com\/diario\/wp-content\/uploads\/2022\/01\/A-traves-de-la-lent-2.jpg 675w, https:\/\/www.areabesos.com\/diario\/wp-content\/uploads\/2022\/01\/A-traves-de-la-lent-2-225x300.jpg 225w, https:\/\/www.areabesos.com\/diario\/wp-content\/uploads\/2022\/01\/A-traves-de-la-lent-2-150x200.jpg 150w, https:\/\/www.areabesos.com\/diario\/wp-content\/uploads\/2022\/01\/A-traves-de-la-lent-2-300x400.jpg 300w\" sizes=\"auto, (max-width: 675px) 100vw, 675px\" \/><\/a><\/figure><\/li><li class=\"blocks-gallery-item\"><figure><a href=\"https:\/\/www.areabesos.com\/diario\/wp-content\/uploads\/2022\/01\/A-traves-de-la-lent-3.jpg\"><img loading=\"lazy\" decoding=\"async\" width=\"900\" height=\"675\" src=\"https:\/\/www.areabesos.com\/diario\/wp-content\/uploads\/2022\/01\/A-traves-de-la-lent-3.jpg\" alt=\"\" data-id=\"4613\" data-full-url=\"https:\/\/www.areabesos.com\/diario\/wp-content\/uploads\/2022\/01\/A-traves-de-la-lent-3.jpg\" data-link=\"https:\/\/www.areabesos.com\/diario\/?attachment_id=4613\" class=\"wp-image-4613\" srcset=\"https:\/\/www.areabesos.com\/diario\/wp-content\/uploads\/2022\/01\/A-traves-de-la-lent-3.jpg 900w, https:\/\/www.areabesos.com\/diario\/wp-content\/uploads\/2022\/01\/A-traves-de-la-lent-3-300x225.jpg 300w, https:\/\/www.areabesos.com\/diario\/wp-content\/uploads\/2022\/01\/A-traves-de-la-lent-3-768x576.jpg 768w, https:\/\/www.areabesos.com\/diario\/wp-content\/uploads\/2022\/01\/A-traves-de-la-lent-3-150x113.jpg 150w, https:\/\/www.areabesos.com\/diario\/wp-content\/uploads\/2022\/01\/A-traves-de-la-lent-3-696x522.jpg 696w\" sizes=\"auto, (max-width: 900px) 100vw, 900px\" \/><\/a><\/figure><\/li><\/ul><\/figure>\n","protected":false},"excerpt":{"rendered":"<p>La Sala d&#8217;exposicions Joan Vila i Plana acull a partir de dem\u00e0 una nova exposici\u00f3, en aquest cas dedicada a l&#8217;obra del fot\u00f2graf David Cucal\u00f3n i Jabaloyes. Una mostra que recull imatges captades els darrers anys, en especial de carrer i de paissatge. \u00abAquestes fotografies representen el meu concepte d&#8217;aquest art, posar la c\u00e0mera davant [&hellip;]<\/p>\n","protected":false},"author":1,"featured_media":4611,"comment_status":"open","ping_status":"open","sticky":false,"template":"","format":"standard","meta":{"footnotes":""},"categories":[136],"tags":[],"class_list":{"0":"post-4610","1":"post","2":"type-post","3":"status-publish","4":"format-standard","5":"has-post-thumbnail","7":"category-cultura"},"_links":{"self":[{"href":"https:\/\/www.areabesos.com\/diario\/wp-json\/wp\/v2\/posts\/4610","targetHints":{"allow":["GET"]}}],"collection":[{"href":"https:\/\/www.areabesos.com\/diario\/wp-json\/wp\/v2\/posts"}],"about":[{"href":"https:\/\/www.areabesos.com\/diario\/wp-json\/wp\/v2\/types\/post"}],"author":[{"embeddable":true,"href":"https:\/\/www.areabesos.com\/diario\/wp-json\/wp\/v2\/users\/1"}],"replies":[{"embeddable":true,"href":"https:\/\/www.areabesos.com\/diario\/wp-json\/wp\/v2\/comments?post=4610"}],"version-history":[{"count":1,"href":"https:\/\/www.areabesos.com\/diario\/wp-json\/wp\/v2\/posts\/4610\/revisions"}],"predecessor-version":[{"id":4614,"href":"https:\/\/www.areabesos.com\/diario\/wp-json\/wp\/v2\/posts\/4610\/revisions\/4614"}],"wp:featuredmedia":[{"embeddable":true,"href":"https:\/\/www.areabesos.com\/diario\/wp-json\/wp\/v2\/media\/4611"}],"wp:attachment":[{"href":"https:\/\/www.areabesos.com\/diario\/wp-json\/wp\/v2\/media?parent=4610"}],"wp:term":[{"taxonomy":"category","embeddable":true,"href":"https:\/\/www.areabesos.com\/diario\/wp-json\/wp\/v2\/categories?post=4610"},{"taxonomy":"post_tag","embeddable":true,"href":"https:\/\/www.areabesos.com\/diario\/wp-json\/wp\/v2\/tags?post=4610"}],"curies":[{"name":"wp","href":"https:\/\/api.w.org\/{rel}","templated":true}]}}