{"id":4607,"date":"2022-01-11T13:55:14","date_gmt":"2022-01-11T12:55:14","guid":{"rendered":"http:\/\/www.areabesos.com\/diario\/?p=4607"},"modified":"2022-01-11T13:55:16","modified_gmt":"2022-01-11T12:55:16","slug":"sant-adria-aprova-el-pressupost-mes-alt-de-la-seva-historia","status":"publish","type":"post","link":"https:\/\/www.areabesos.com\/diario\/sant-adria-aprova-el-pressupost-mes-alt-de-la-seva-historia\/","title":{"rendered":"Sant Adri\u00e0 aprova el pressupost m\u00e9s alt de la seva hist\u00f2ria"},"content":{"rendered":"\n<p>El pressupost municipal de 2022 es va aprovar en la sessi\u00f3 ordin\u00e0ria del ple que va tenir lloc el passat 30 de desembre. Enguany Sant Adri\u00e0 tindr\u00e0 el pressupost m\u00e9s elevat de la seva hist\u00f2ria, <strong>43.492.248 \u20ac<\/strong>, xifra que suposa un 3,79% d\u2019increment respecte al de 2021 (41.904.808 \u20ac).<\/p>\n\n\n\n<p>Durant la seva intervenci\u00f3 el regidor d\u2019Hisenda, Hugo Ferrer, va subratllar el caire social del pressupost \u00abpensat per a la millora real del dia a dia de les persones\u00bb.<\/p>\n\n\n\n<p><strong>ELS \u00c0MBITS SOCIAL, VIA P\u00daBLICA, SEGURETAT I PERSONAL, PER GARANTIR TOTS ELS SERVEIS P\u00daBLICS, CONCENTREN L&#8217;INCREMENT DEL PRESSUPOST<\/strong><\/p>\n\n\n\n<p>L\u2019import de les <strong>despeses corrents en bens i serveis<\/strong> \u00e9s de 19.170.399,60\u20ac (7,95% m\u00e9s respecte al 2021), un 44% del total de tot el pressupost.<\/p>\n\n\n\n<p><strong>Serveis socials<\/strong> representa l\u201911 % de la despesa corrent i el 18\u201959% de les transfer\u00e8ncies corrents. Augmenta respecte a l\u2019any passat el Servei d\u2019Atenci\u00f3 Domiciliaria (SAD), centrat especialment en pol\u00edtiques destinades a la gent gran. El que suposa un increment de 500 M\u20ac<\/p>\n\n\n\n<p>A l\u2019<strong>espai p\u00fablic<\/strong> correspon el 38\u201975% de la despesa corrent en bens i serveis i el 9\u201935% de les transfer\u00e8ncies corrents. En aquest \u00e0mbit destaca l\u2019increment d\u2019 1 mili\u00f3 d\u2019euros de la partida de la recollida d\u2019escombraries i de 80 M\u20ac del contracte de jardiners.<\/p>\n\n\n\n<p><strong>Pel que fa a les despeses corrents tamb\u00e9 cal destacar un augment de l\u2019import dels subministraments com la llum i el manteniment del edificis municipals.<\/strong><\/p>\n\n\n\n<p>La despesa de <strong>personal<\/strong> \u00e9s de 17.542.588 \u20ac, que s\u2019incrementa un 3\u201931% respecte al 2021 i suposa un 40% del total pressupostari. La xifra inclou la incorporaci\u00f3 dels increments retributius anuals del personal del sector p\u00fablic fixades per l&#8217;Estat. Aix\u00ed com millores espec\u00edfiques en el cos policial. El pes del personal sobre el pressupost implica la garantia del manteniment de tots els serveis d\u2019atenci\u00f3 vers la ciutadania que hem consolidat a nivell municipal.<\/p>\n\n\n\n<p><strong>TRANSFER\u00c8NCIES CORRENTS<\/strong><\/p>\n\n\n\n<p>L\u2019import de les <strong>transfer\u00e8ncies corrents<\/strong> \u00e9s de 4.587.000 \u20ac (un 11\u201936% menys que l\u2019any 2021), i representen el 10% del pressupost de 2022.<\/p>\n\n\n\n<p>Les transfer\u00e8ncies inclouen les aportacions a consorcis i institucions. Com ara la recollida pneum\u00e0tica de la Catalana (123.483 \u20ac), l\u2019 oficina de pobresa energ\u00e8tica (45.000\u20ac) o la bici el\u00e8ctrica de l\u2019\u00c0rea Metropolitana de Barcelona (156.172\u20ac). Tamb\u00e9 aportacions a centres oberts, entitats i programes de serveis socials i escoles.<\/p>\n\n\n\n<p><strong>TRANSFER\u00c8NCIES<\/strong><strong> DE CAPITAL<\/strong><\/p>\n\n\n\n<p>La dotaci\u00f3 de les transfer\u00e8ncies de capital \u00e9s de1.140.576,54\u20ac (435,54% d\u2019increment respecte a l\u2019any 2021). En aquest cap\u00edtol destaca la via pedalable de la NII (210,749\u20ac ) i l\u2019actuaci\u00f3 de la Rambleta (929.826\u20ac)<\/p>\n\n\n\n<p><strong>INVERSIONS<\/strong><\/p>\n\n\n\n<p>Pel que fa a les <strong>inversions<\/strong> la dotaci\u00f3 \u00e9s de 830.987 \u20ac<\/p>\n\n\n\n<p>*Administraci\u00f3 electr\u00f2nica, 313.390 \u20ac<\/p>\n\n\n\n<p>*Impermeabilitzaci\u00f3 p\u00e0rquing Sant Ram\u00f3n de Penyafort, 111.370 \u20ac<\/p>\n\n\n\n<p>*APP de seguretat ciutadana, 425.283 \u20ac<\/p>\n\n\n\n<p>Cal destacar la creaci\u00f3 de la comissi\u00f3 de seguiment pressupostari formada per tots els grups pol\u00edtics on es far\u00e0 un seguiment de l\u2019execuci\u00f3 pressupost\u00e0ria aix\u00ed com l\u2019an\u00e0lisi de les diferents partides. En aquesta comissi\u00f3 tamb\u00e9 es tractar\u00e0 l\u2019aprovaci\u00f3 dels romanents d\u2019inversi\u00f3 per a l\u2019any 2022.<\/p>\n","protected":false},"excerpt":{"rendered":"<p>El pressupost municipal de 2022 es va aprovar en la sessi\u00f3 ordin\u00e0ria del ple que va tenir lloc el passat 30 de desembre. Enguany Sant Adri\u00e0 tindr\u00e0 el pressupost m\u00e9s elevat de la seva hist\u00f2ria, 43.492.248 \u20ac, xifra que suposa un 3,79% d\u2019increment respecte al de 2021 (41.904.808 \u20ac). Durant la seva intervenci\u00f3 el regidor [&hellip;]<\/p>\n","protected":false},"author":2,"featured_media":4608,"comment_status":"open","ping_status":"open","sticky":false,"template":"","format":"standard","meta":{"footnotes":""},"categories":[134,135],"tags":[],"class_list":{"0":"post-4607","1":"post","2":"type-post","3":"status-publish","4":"format-standard","5":"has-post-thumbnail","7":"category-actualitat","8":"category-societat"},"_links":{"self":[{"href":"https:\/\/www.areabesos.com\/diario\/wp-json\/wp\/v2\/posts\/4607","targetHints":{"allow":["GET"]}}],"collection":[{"href":"https:\/\/www.areabesos.com\/diario\/wp-json\/wp\/v2\/posts"}],"about":[{"href":"https:\/\/www.areabesos.com\/diario\/wp-json\/wp\/v2\/types\/post"}],"author":[{"embeddable":true,"href":"https:\/\/www.areabesos.com\/diario\/wp-json\/wp\/v2\/users\/2"}],"replies":[{"embeddable":true,"href":"https:\/\/www.areabesos.com\/diario\/wp-json\/wp\/v2\/comments?post=4607"}],"version-history":[{"count":1,"href":"https:\/\/www.areabesos.com\/diario\/wp-json\/wp\/v2\/posts\/4607\/revisions"}],"predecessor-version":[{"id":4609,"href":"https:\/\/www.areabesos.com\/diario\/wp-json\/wp\/v2\/posts\/4607\/revisions\/4609"}],"wp:featuredmedia":[{"embeddable":true,"href":"https:\/\/www.areabesos.com\/diario\/wp-json\/wp\/v2\/media\/4608"}],"wp:attachment":[{"href":"https:\/\/www.areabesos.com\/diario\/wp-json\/wp\/v2\/media?parent=4607"}],"wp:term":[{"taxonomy":"category","embeddable":true,"href":"https:\/\/www.areabesos.com\/diario\/wp-json\/wp\/v2\/categories?post=4607"},{"taxonomy":"post_tag","embeddable":true,"href":"https:\/\/www.areabesos.com\/diario\/wp-json\/wp\/v2\/tags?post=4607"}],"curies":[{"name":"wp","href":"https:\/\/api.w.org\/{rel}","templated":true}]}}