{"id":4604,"date":"2022-01-11T13:40:37","date_gmt":"2022-01-11T12:40:37","guid":{"rendered":"http:\/\/www.areabesos.com\/diario\/?p=4604"},"modified":"2022-01-11T13:40:38","modified_gmt":"2022-01-11T12:40:38","slug":"sant-adria-entre-els-37-ajuntaments-que-assoleixen-lexcel%c2%b7lencia-en-inversio-en-serveis-socials","status":"publish","type":"post","link":"https:\/\/www.areabesos.com\/diario\/sant-adria-entre-els-37-ajuntaments-que-assoleixen-lexcel%c2%b7lencia-en-inversio-en-serveis-socials\/","title":{"rendered":"Sant Adri\u00e0 entre els 37 ajuntaments que assoleixen l&#8217;excel\u00b7l\u00e8ncia en inversi\u00f3 en serveis socials"},"content":{"rendered":"\n<p>L\u2019Associaci\u00f3 Estatal de Directores i Gerents de Serveis Socials ha dut a terme, per cinqu\u00e8 any consecutiu, una an\u00e0lisi dels pressupostos que els ajuntaments de m\u00e9s de 20.000 habitants dediquen a \u00abServeis Socials i Promoci\u00f3 Social\u00bb. L\u2019estudi es fa a partir de les dades del pressupost liquidat l\u2019any 2020 que publica el <strong><a href=\"https:\/\/serviciostelematicosext.hacienda.gob.es\/SGFAL\/CONPREL\">Ministeri d\u2019Hisenda i Funci\u00f3 P\u00fablica en el seu portal<\/a>.<\/strong><\/p>\n\n\n\n<p>S\u2019estableixen quatre categories d\u2019Ajuntaments ( Excel\u00b7lents, Pobres, Sensibles, Insolidaris) en funci\u00f3 dels criteris d\u2019inversi\u00f3 social seg\u00fcents:<\/p>\n\n\n\n<p><strong>1. Sufici\u00e8ncia econ\u00f2mica:<\/strong> despesa acreditada en \u00abServeis Socials i Promoci\u00f3 Social\u00bb l\u2019any 2020, <strong>superior a 100 \u20ac habitant\/any.<\/strong><\/p>\n\n\n\n<p><strong>2. Increment econ\u00f2mic:<\/strong> que en el pressupost de 2021 la despesa social per habitant <strong>no s\u2019hagi redu\u00eft<\/strong> respecte a la liquidaci\u00f3 resultant de 2020 presentada al Ministeri d\u2019Hisenda i Funci\u00f3 P\u00fablica.<\/p>\n\n\n\n<p><strong>3. Esfor\u00e7 inversor:<\/strong> que la despesa social l\u2019any 2020, representi almenys un <strong>10% del pressupost total<\/strong> no financer de l\u2019Ajuntament.<\/p>\n\n\n\n<p><strong>4. Transpar\u00e8ncia financera<\/strong>: que permeti comprovar en el portal de transpar\u00e8ncia de la web municipal el desglossament pressupostari i el detall de la despesa que correspon a \u00abServeis Socials i Promoci\u00f3 Econ\u00f2mica\u00bb.<\/p>\n\n\n\n<p>Els resultats d\u2019enguany \u00e9s que nom\u00e9s<strong> 37 ajuntaments <\/strong>(el 10\u20192% dels 369 ajuntaments de m\u00e9s de 20.000 habitants que han presentat la liquidaci\u00f3 de 2020)<strong> compleixen els requisits d&#8217;excel\u00b7l\u00e8ncia. Sant Adri\u00e0,<\/strong> que des de fa anys prioritza la vessant social en els pressupostos aix\u00ed com l\u2019atenci\u00f3 als col\u00b7lectius m\u00e9s vulnerables, ocupa el lloc 26 dins d\u2019aquest r\u00e0nquing amb una despesa social l\u2019any 2020 de 4.349.784 \u20ac i una inversi\u00f3 per habitant de 116,16 \u20ac.<\/p>\n","protected":false},"excerpt":{"rendered":"<p>L\u2019Associaci\u00f3 Estatal de Directores i Gerents de Serveis Socials ha dut a terme, per cinqu\u00e8 any consecutiu, una an\u00e0lisi dels pressupostos que els ajuntaments de m\u00e9s de 20.000 habitants dediquen a \u00abServeis Socials i Promoci\u00f3 Social\u00bb. L\u2019estudi es fa a partir de les dades del pressupost liquidat l\u2019any 2020 que publica el Ministeri d\u2019Hisenda i [&hellip;]<\/p>\n","protected":false},"author":2,"featured_media":4605,"comment_status":"open","ping_status":"open","sticky":false,"template":"","format":"standard","meta":{"footnotes":""},"categories":[134,135],"tags":[],"class_list":{"0":"post-4604","1":"post","2":"type-post","3":"status-publish","4":"format-standard","5":"has-post-thumbnail","7":"category-actualitat","8":"category-societat"},"_links":{"self":[{"href":"https:\/\/www.areabesos.com\/diario\/wp-json\/wp\/v2\/posts\/4604","targetHints":{"allow":["GET"]}}],"collection":[{"href":"https:\/\/www.areabesos.com\/diario\/wp-json\/wp\/v2\/posts"}],"about":[{"href":"https:\/\/www.areabesos.com\/diario\/wp-json\/wp\/v2\/types\/post"}],"author":[{"embeddable":true,"href":"https:\/\/www.areabesos.com\/diario\/wp-json\/wp\/v2\/users\/2"}],"replies":[{"embeddable":true,"href":"https:\/\/www.areabesos.com\/diario\/wp-json\/wp\/v2\/comments?post=4604"}],"version-history":[{"count":1,"href":"https:\/\/www.areabesos.com\/diario\/wp-json\/wp\/v2\/posts\/4604\/revisions"}],"predecessor-version":[{"id":4606,"href":"https:\/\/www.areabesos.com\/diario\/wp-json\/wp\/v2\/posts\/4604\/revisions\/4606"}],"wp:featuredmedia":[{"embeddable":true,"href":"https:\/\/www.areabesos.com\/diario\/wp-json\/wp\/v2\/media\/4605"}],"wp:attachment":[{"href":"https:\/\/www.areabesos.com\/diario\/wp-json\/wp\/v2\/media?parent=4604"}],"wp:term":[{"taxonomy":"category","embeddable":true,"href":"https:\/\/www.areabesos.com\/diario\/wp-json\/wp\/v2\/categories?post=4604"},{"taxonomy":"post_tag","embeddable":true,"href":"https:\/\/www.areabesos.com\/diario\/wp-json\/wp\/v2\/tags?post=4604"}],"curies":[{"name":"wp","href":"https:\/\/api.w.org\/{rel}","templated":true}]}}