{"id":4601,"date":"2022-01-09T10:53:00","date_gmt":"2022-01-09T09:53:00","guid":{"rendered":"http:\/\/www.areabesos.com\/diario\/?p=4601"},"modified":"2022-01-11T10:54:18","modified_gmt":"2022-01-11T09:54:18","slug":"rebajas","status":"publish","type":"post","link":"https:\/\/www.areabesos.com\/diario\/rebajas\/","title":{"rendered":"Rebajas"},"content":{"rendered":"\n<p>Hablando en grupo sobre diversidad y sus niveles de desesperanza, hubo voces que no estaban de acuerdo con los llamados d\u00edas internacionales al &nbsp;parecerles hip\u00f3critas, oportunistas, vac\u00edos, llenos de palabras innecesarias, servidores del espect\u00e1culo, etc\u2026 &nbsp;<\/p>\n\n\n\n<p>Mi buen amigo Rub\u00e9n sali\u00f3 al paso para recordar que todo es poco &nbsp;por contribuir a la buena labor de visibilizar a &nbsp;<strong>las personas en dificultad\u2026 Un<\/strong><strong> <\/strong>D\u00eda Mundial es el nombre que se da a la celebraci\u00f3n, conmemoraci\u00f3n, fiesta, festividad, etc., de una causa promovida por alguna organizaci\u00f3n internacional, habitualmente vinculada a la Organizaci\u00f3n de las Naciones Unidas, para su observancia internacional. Su objetivo es poner de relieve y promover los derechos y el bienestar de personas que lo pasan mal en cualquier \u00e1mbito de la sociedad.<strong> <\/strong><strong>C<\/strong>oncienciar a la ciudadan\u00eda sobre la necesidad de muchas minor\u00edas para su mejor desarrollo en todos los aspectos de la vida: pol\u00edtica, social, econ\u00f3mica y cultural.<strong><\/strong><\/p>\n\n\n\n<p>El Silencio de los Justos es una Ong francesa fundada en 1996 que presta servicios de tutela y acompa\u00f1amiento a ni\u00f1os y adolescentes con discapacidad y cuadros de autismo severo. La pel\u00edcula \u201cEspeciales\u201d nos permite intuir la inmensa bolsa de precariedad y desamparo en la que viven los desheredados del primer mundo. Una historia bien narrada por los directores Olivier Nakache y Eric Toledano a trav\u00e9s del d\u00eda a d\u00eda de un grupo de educadores con falta de recursos para auxiliar a familias desbordadas por unas <a><\/a>biograf\u00edas extremas.<\/p>\n\n\n\n<p>\u201cEspeciales\u201d cuenta con el concurso del gran actor Vincent Cassel, ese \u201cmalo\u201d que esta vez se puso al lado de los gordos sin amor, de flores marchitas: taradas, enfermas, tullidas\u2026 De enanos en d\u00edas sin sol, desahuciados, proscritos, rabiosos, gente sin hogar, deudores de bancos, desaparecidos y almas en pena\u2026 Esos a los que sacamos del agujero cuando est\u00e1n pr\u00f3ximas sus derrotas.<\/p>\n\n\n\n<p><span style=\"background-color:#010b10\" class=\"td_text_highlight_marker\">Francesc Reina<\/span><\/p>\n","protected":false},"excerpt":{"rendered":"<p>Hablando en grupo sobre diversidad y sus niveles de desesperanza, hubo voces que no estaban de acuerdo con los llamados d\u00edas internacionales al &nbsp;parecerles hip\u00f3critas, oportunistas, vac\u00edos, llenos de palabras innecesarias, servidores del espect\u00e1culo, etc\u2026 &nbsp; Mi buen amigo Rub\u00e9n sali\u00f3 al paso para recordar que todo es poco &nbsp;por contribuir a la buena labor [&hellip;]<\/p>\n","protected":false},"author":2,"featured_media":4602,"comment_status":"open","ping_status":"open","sticky":false,"template":"","format":"standard","meta":{"footnotes":""},"categories":[139],"tags":[],"class_list":{"0":"post-4601","1":"post","2":"type-post","3":"status-publish","4":"format-standard","5":"has-post-thumbnail","7":"category-opinio"},"_links":{"self":[{"href":"https:\/\/www.areabesos.com\/diario\/wp-json\/wp\/v2\/posts\/4601","targetHints":{"allow":["GET"]}}],"collection":[{"href":"https:\/\/www.areabesos.com\/diario\/wp-json\/wp\/v2\/posts"}],"about":[{"href":"https:\/\/www.areabesos.com\/diario\/wp-json\/wp\/v2\/types\/post"}],"author":[{"embeddable":true,"href":"https:\/\/www.areabesos.com\/diario\/wp-json\/wp\/v2\/users\/2"}],"replies":[{"embeddable":true,"href":"https:\/\/www.areabesos.com\/diario\/wp-json\/wp\/v2\/comments?post=4601"}],"version-history":[{"count":1,"href":"https:\/\/www.areabesos.com\/diario\/wp-json\/wp\/v2\/posts\/4601\/revisions"}],"predecessor-version":[{"id":4603,"href":"https:\/\/www.areabesos.com\/diario\/wp-json\/wp\/v2\/posts\/4601\/revisions\/4603"}],"wp:featuredmedia":[{"embeddable":true,"href":"https:\/\/www.areabesos.com\/diario\/wp-json\/wp\/v2\/media\/4602"}],"wp:attachment":[{"href":"https:\/\/www.areabesos.com\/diario\/wp-json\/wp\/v2\/media?parent=4601"}],"wp:term":[{"taxonomy":"category","embeddable":true,"href":"https:\/\/www.areabesos.com\/diario\/wp-json\/wp\/v2\/categories?post=4601"},{"taxonomy":"post_tag","embeddable":true,"href":"https:\/\/www.areabesos.com\/diario\/wp-json\/wp\/v2\/tags?post=4601"}],"curies":[{"name":"wp","href":"https:\/\/api.w.org\/{rel}","templated":true}]}}