{"id":4599,"date":"2022-01-10T10:31:00","date_gmt":"2022-01-10T09:31:00","guid":{"rendered":"http:\/\/www.areabesos.com\/diario\/?p=4599"},"modified":"2022-01-11T10:33:43","modified_gmt":"2022-01-11T09:33:43","slug":"la-no-politica-espanolista-nos-costara-mucho-dinero","status":"publish","type":"post","link":"https:\/\/www.areabesos.com\/diario\/la-no-politica-espanolista-nos-costara-mucho-dinero\/","title":{"rendered":"La \u201cno pol\u00edtica\u201d espa\u00f1olista nos costar\u00e1 mucho dinero"},"content":{"rendered":"\n<p>El Banco Madrid (BM) era propiedad de la Banca Privada de Andorra (BPA) desde 2010. El BM fue intervenido por el Banco de Espa\u00f1a en marzo de 2015 y esa acci\u00f3n coincidi\u00f3 con presiones de la polic\u00eda espa\u00f1ola sobre responsables de BPA para averiguar si algunos pol\u00edticos catalanes independentistas ten\u00edan&nbsp;cuentas en Andorra, una m\u00e1s de las actuaciones inconfesables que forman parte de lo que se conoce como la \u201cOperaci\u00f3n Catalunya\u201d.<\/p>\n\n\n\n<p>As\u00ed supieron que Jordi Pujol, muy poco independentista precisamente, ten\u00eda en BPA unos 4 millones de euros que hab\u00eda transferido desde otro banco y de los que \u00e9l dijo que proced\u00edan de una herencia. Por cierto, el juicio contra el clan del ex est\u00e1 previsto para este a\u00f1o.<\/p>\n\n\n\n<p>La intervenci\u00f3n del BM y las actuaciones de la polic\u00eda espa\u00f1ola en Andorra llegaron hasta el Tesoro de USA, desde donde se gener\u00f3 una alerta que pon\u00eda en cuesti\u00f3n la solvencia de BPA, a\u00f1adiendo que figuraba como sospechosa por blanqueo de capitales. Los clientes huyeron y BPA termin\u00f3 desapareciendo.<\/p>\n\n\n\n<p>Contextualizar es siempre necesario. Cinco meses antes Artur M\u00e1s presid\u00eda la Generalitat y hab\u00eda organizado, con evidente \u00e9xito seg\u00fan demuestran las im\u00e1genes de las colas de catalanes esperando a votar sin que ning\u00fan polic\u00eda espa\u00f1ol les molestara, la consulta popular del 9-N sobre el derecho de autodeterminaci\u00f3n.<\/p>\n\n\n\n<p>El caso es que los hermanos Higini y Ram\u00f3n Cierco, propietarios de ambas entidades financieras, se han estado defendiendo durante a\u00f1os ante los tribunales y hace unos cinco meses consiguieron que les dieron toda la raz\u00f3n y definitivamente, dejando claro que no cometieron ninguna ilegalidad durante su gesti\u00f3n en BPA y BM.<\/p>\n\n\n\n<p>Como era de esperar, los hermanos Cierco han pasado a la ofensiva y acaban de presentar una demanda por la que reclaman al Estado espa\u00f1ol la cantidad de 141.604.000 euros en concepto de da\u00f1os y perjuicios ocasionados por las consecuencias directas de la \u201cno pol\u00edtica\u201d del Gobierno de Rajoy contra los independentistas que gobiernan Catalunya.<\/p>\n\n\n\n<p>Paralelamente a esta acci\u00f3n de los Cierco, la entidad Drets y el Institut de Drets Humans de Andorra (IDHA) han pedido a la justicia de ese pa\u00eds que investigue la extorsi\u00f3n a que fue sometida la BPA en el contexto de la llamada \u201cOperaci\u00f3n Catalunya\u201d del Gobierno de Espa\u00f1a, el mismo que organiz\u00f3 la \u201cKitchen\u201d para robarle a B\u00e1rcenas, de su propio domicilio, pruebas contra el PP por posibles delitos de financiaci\u00f3n ilegal.<\/p>\n\n\n\n<p>Entre los espa\u00f1oles relevantes que la jueza andorrana podr\u00eda citar a declarar si atiende a los demandantes figuran C. Montoro, J, Fern\u00e1ndez D\u00edaz y M. Rajoy quienes, si no acudieran, podr\u00edan ser reclamados mediante \u00f3rdenes internacionales de busca y captura a trav\u00e9s de Interpol.<\/p>\n\n\n\n<p>\u00bfLe han sonado a usted en este momento las fracasadas euro\u00f3rdenes del juez Llarena contra Puigdemont y otros independentistas exiliados? A m\u00ed s\u00ed, y menuda paradoja como termine ocurriendo lo de Andorra.<\/p>\n\n\n\n<p>Son las 23:30 horas del 9 de enero de 2022 y la noticia apareci\u00f3 hace cuatro d\u00edas. He podido informar aqu\u00ed y ahora porque leo digitales catalanes como \u201cEl Nacional\u201d o \u201cEl Mon\u201d, pues salvo en la secci\u00f3n de \u201cEconom\u00eda\u201d de \u201cEl Mundo\u201d no he conseguido localizar esta noticia en ninguno de los medios espa\u00f1oles relevantes de cualquier tendencia.<\/p>\n\n\n\n<p>Los medios espa\u00f1olistas ya me han obligado m\u00e1s veces a robar tiempo y espacio a la opini\u00f3n al tener que a\u00f1adir la informaci\u00f3n de noticias que han dejado de publicar conscientemente.<\/p>\n\n\n\n<p>Ocurri\u00f3 con la acci\u00f3n de Puigdemont a favor de la Espa\u00f1a menos franquista, cuando inform\u00f3 a los europarlamentarios que Pablo Casado, ese que solo viaja a Europa para hablar mal de su Gobierno, hab\u00eda asistido el pasado 20 de noviembre a una misa por el alma del peor asesino de la historia de Espa\u00f1a.<\/p>\n\n\n\n<p>Tambi\u00e9n ignoraron una noticia de finales de diciembre pasado que aventura un futuro muy negro para la justicia espa\u00f1ola, cual fue la decisi\u00f3n del TEDH al acumular en una misma causa los recursos presentados por los represaliados catalanes del 9-N de 2014 y del 1-O de 2017.<\/p>\n\n\n\n<p>Pero esta vez se trataba de lo que nos va a costar la \u201cno pol\u00edtica\u201d de los espa\u00f1olistas, siempre gobernantes. Llevamos anotada la amenaza de m\u00e1s de 141 millones desde Andorra y tambi\u00e9n nos pueden terminar saliendo car\u00edsimas las sentencias de una Justicia a la que, para estimular su \u00e1nimo castigador contra los independentistas, no le hac\u00edan falta ni las palizas policiales a los votantes del refer\u00e9ndum, ni el 155 aprobado por el Senado ni el beligerante discurso pronunciado por Felipe VI el 3 de octubre de 2017, ese que, ya que hablamos de dinero, consigui\u00f3 que al d\u00eda siguiente el diferencial a la baja del IBEX 35 respecto de los restantes \u00edndices burs\u00e1tiles europeos fuera de los que baten r\u00e9cords de d\u00e9cadas. &nbsp;&nbsp;<\/p>\n\n\n\n<p>Por ejemplo, de los impuestos hubo que indemnizar con 9.000.- euros en 2018 a dos j\u00f3venes catalanes a quienes nuestros jueces hab\u00edan condenado a pena de c\u00e1rcel por quemar fotos del rey.<\/p>\n\n\n\n<p>Ahora, imagine usted el importe, en dinero, de la condena que podr\u00eda recibir Espa\u00f1a desde Europa por sentenciar fuera de la ley a unos l\u00edderes catalanes que ni siquiera quemaron nada durante las votaciones en formato \u201cdemocracia directa\u201d que organizaron, por comparaci\u00f3n con la indemnizaci\u00f3n a que fue condenada Espa\u00f1a por castigar a los j\u00f3venes de las fotos ardiendo. Y no he querido buscar m\u00e1s riesgos y p\u00e9rdidas econ\u00f3micas asumidas por culpa de la \u201cno pol\u00edtica\u201d de los espa\u00f1olistas, especialmente ante los independentistas.<\/p>\n\n\n\n<p>Terminar\u00eda en modo panfleto cabreado para decir de los pol\u00edticos espa\u00f1olistas que no lo son, lo de pol\u00edticos, porque siguen envenenados con el \u201cno se meta usted en pol\u00edtica\u201d que, bajo amenaza de pared\u00f3n, \u201caconsejaba\u201d el dictador, pero se me quitan las ganas solo de pensar en lo cara que nos puede terminar costando la fiesta de la \u201cno pol\u00edtica\u201d con la que tanto parecen disfrutar la inmensa mayor\u00eda de personas que salen de las urnas con el esca\u00f1o puesto. \u00a0<\/p>\n\n\n\n<p><span style=\"background-color:#000e14\" class=\"td_text_highlight_marker\">Domingo Sanz<\/span><\/p>\n","protected":false},"excerpt":{"rendered":"<p>El Banco Madrid (BM) era propiedad de la Banca Privada de Andorra (BPA) desde 2010. El BM fue intervenido por el Banco de Espa\u00f1a en marzo de 2015 y esa acci\u00f3n coincidi\u00f3 con presiones de la polic\u00eda espa\u00f1ola sobre responsables de BPA para averiguar si algunos pol\u00edticos catalanes independentistas ten\u00edan&nbsp;cuentas en Andorra, una m\u00e1s de [&hellip;]<\/p>\n","protected":false},"author":2,"featured_media":1779,"comment_status":"open","ping_status":"open","sticky":false,"template":"","format":"standard","meta":{"footnotes":""},"categories":[139],"tags":[],"class_list":{"0":"post-4599","1":"post","2":"type-post","3":"status-publish","4":"format-standard","5":"has-post-thumbnail","7":"category-opinio"},"_links":{"self":[{"href":"https:\/\/www.areabesos.com\/diario\/wp-json\/wp\/v2\/posts\/4599","targetHints":{"allow":["GET"]}}],"collection":[{"href":"https:\/\/www.areabesos.com\/diario\/wp-json\/wp\/v2\/posts"}],"about":[{"href":"https:\/\/www.areabesos.com\/diario\/wp-json\/wp\/v2\/types\/post"}],"author":[{"embeddable":true,"href":"https:\/\/www.areabesos.com\/diario\/wp-json\/wp\/v2\/users\/2"}],"replies":[{"embeddable":true,"href":"https:\/\/www.areabesos.com\/diario\/wp-json\/wp\/v2\/comments?post=4599"}],"version-history":[{"count":1,"href":"https:\/\/www.areabesos.com\/diario\/wp-json\/wp\/v2\/posts\/4599\/revisions"}],"predecessor-version":[{"id":4600,"href":"https:\/\/www.areabesos.com\/diario\/wp-json\/wp\/v2\/posts\/4599\/revisions\/4600"}],"wp:featuredmedia":[{"embeddable":true,"href":"https:\/\/www.areabesos.com\/diario\/wp-json\/wp\/v2\/media\/1779"}],"wp:attachment":[{"href":"https:\/\/www.areabesos.com\/diario\/wp-json\/wp\/v2\/media?parent=4599"}],"wp:term":[{"taxonomy":"category","embeddable":true,"href":"https:\/\/www.areabesos.com\/diario\/wp-json\/wp\/v2\/categories?post=4599"},{"taxonomy":"post_tag","embeddable":true,"href":"https:\/\/www.areabesos.com\/diario\/wp-json\/wp\/v2\/tags?post=4599"}],"curies":[{"name":"wp","href":"https:\/\/api.w.org\/{rel}","templated":true}]}}