{"id":4592,"date":"2022-01-04T13:30:32","date_gmt":"2022-01-04T12:30:32","guid":{"rendered":"http:\/\/www.areabesos.com\/diario\/?p=4592"},"modified":"2022-01-04T13:31:59","modified_gmt":"2022-01-04T12:31:59","slug":"els-reis-mags-no-finalitzaran-la-cavalcada-a-la-placa-de-la-vila","status":"publish","type":"post","link":"https:\/\/www.areabesos.com\/diario\/els-reis-mags-no-finalitzaran-la-cavalcada-a-la-placa-de-la-vila\/","title":{"rendered":"Els Reis Mags no finalitzaran la Cavalcada a la pla\u00e7a de la Vila"},"content":{"rendered":"\n<p>A causa de l\u2019evoluci\u00f3 de la situaci\u00f3 de la pand\u00e8mia de la Covid-19, l\u2019Ajuntament modifica el recorregut de la Cavalcada de Reis, amb la finalitat de garantir la salut de tothom i al mateix temps gaudir de manera segura de l\u2019arribada dels Mags d\u2019Orient.<\/p>\n\n\n\n<p>La Cavalcada finalitzar\u00e0 al carrer Rafael de Casanovas amb la Nacional II, en comptes de fer-ho a la pla\u00e7a de la Vila, com estava previst inicialment. Tampoc es far\u00e0 la recepci\u00f3 final a l\u2019Ajuntament, sin\u00f3 que l\u2019alcaldessa Filo Ca\u00f1ete rebr\u00e0 als Reis Mags abans de l\u2019inici del recorregut per donar-los les claus de la ciutat.<\/p>\n\n\n\n<p><strong>RECORREGUT<\/strong>: ser\u00e0 el mateix de cada any, sortint a les 17.30h des de Via Trajana, pl. Pius XII. av. Corts Catalanes, c. Argentina, c. Goya, c. del Doctor Fleming, c. de Federica Montseny, c. de Sant Raimon de Penyafort, c. de Ponent, c. de Llevant, c. de Crist\u00f2fol de Moura, c. de Torrassa, av. de la Platja, av. d&#8217;Eduard Maristany, av. de la Platja (a l&#8217;al\u00e7ada del c. Pi i Gibert, es puja pel sentit contrari de la circulaci\u00f3),&nbsp;av. Catalunya, av. Pi i Margall, c. Major, c. Monges, c. de Rafael Casanovas, al voltant de les 20.30 h .<\/p>\n\n\n\n<p>Des de l&#8217;Ajuntament de Sant Adri\u00e0 de Bes\u00f2s, es volen fer unes recomanacions per tal de garantir la seguretat de tothom. Aquestes recomanacions queden supeditades al que les normatives espec\u00edfiques i\/o sectorials vagin publicant a mida que s\u2019apropi la data (5 de gener).<\/p>\n\n\n\n<p><strong>NORMES DE SEGURETAT I RECOMANACIONS:<\/strong><\/p>\n\n\n\n<p>Hi ha diverses normes de seguretat que s&#8217;han tingut en compte, en aquest sentit:<\/p>\n\n\n\n<p><strong>1. HORARI ESTIMAT DE PAS<\/strong>: Des de fa uns anys es fa un registre d\u2019horari de pas que ens permet fer una estimaci\u00f3 d\u2019hora de pas pels diferents llocs de la ciutat. A continuaci\u00f3 hem fet un quadrant amb aquest horari. Demanem als ciutadans i ciutadanes que&nbsp; consultin aquest horari i vagin al lloc que escollin amb no m\u00e9s de 10-15 minuts d&#8217;antelaci\u00f3 de l\u2019horari estimat.<\/p>\n\n\n\n<p><strong>IMPORTANT: l\u2019horari \u00e9s una estimaci\u00f3 a partir de la sortida puntual i sense cap incid\u00e8ncia al recorregut. \u00c9s del tot improbable el pas abans de l\u2019hora indicada tot i que s\u00ed que pot haver-hi algun retard (no superior als 10 minuts si no hi ha hagut alguna incid\u00e8ncia greu)<\/strong><\/p>\n\n\n\n<figure class=\"wp-block-table\"><table><tbody><tr><td><strong>LLOC<\/strong><\/td><td><strong>Horari estimat de pas<\/strong><\/td><\/tr><tr><td>Sortida des de c\/ Balmes (Montsol\u00eds)<\/td><td>17,30 h<\/td><\/tr><tr><td>Entrada per Via Trajana (V\u00eda Trajana)<\/td><td>17,40 h<\/td><\/tr><tr><td>Via Trajana\/Ctra. de Matar\u00f3 cap a Pius XII (Bes\u00f2s)<\/td><td>18.00 h<\/td><\/tr><tr><td>Carrer Argentina<\/td><td>18.10 h<\/td><\/tr><tr><td>CC Bes\u00f2s (C\/ F.Montseny)\/Sant Raimon de P.)<\/td><td>18.30 h<\/td><\/tr><tr><td>C\/ Ponent (Mina)<\/td><td>18.40 h<\/td><\/tr><tr><td>Crist\u00f2fol de Moura (La Catalana)<\/td><td>19.00 h<\/td><\/tr><tr><td>C\/ Torrasa \/ c. Ol\u00edmpic (Sant Joan Bapitsta)<\/td><td>19.15 h<\/td><\/tr><tr><td>Estaci\u00f3 Renfe (gir pujada c\/ La Platja)<\/td><td>19.30 h<\/td><\/tr><tr><td>Gir Pi i Gibert a Av Catalunya<\/td><td>19.55 h<\/td><\/tr><tr><td>Av Catalunya\/ Corts Catalanes (Sant Adri\u00e0 Nord)<\/td><td>20.00 h<\/td><\/tr><tr><td>Pl de la Vila<\/td><td>20.15 h<\/td><\/tr><tr><td>Pi i Margall\/ C Major (Casc Antic)<\/td><td>20.25 h<\/td><\/tr><\/tbody><\/table><\/figure>\n\n\n\n<p><strong>2<\/strong>.&nbsp;<strong>MASCARETA I UNITAT DE CONVIV\u00c8NCIA:&nbsp;<\/strong>Es recomana al p\u00fablic assistent que portin mascareta ben posada tapant nas i boca i estiguin junts per unitat de conviv\u00e8ncia.<\/p>\n\n\n\n<p><strong>3. DIST\u00c0NCIA DE SEGURETAT:<\/strong>&nbsp;Es recomana al p\u00fablic assistent que mantingui la dist\u00e0ncia de seguretat amb altres grups de conviv\u00e8ncia.<\/p>\n\n\n\n<p><strong>4. EVITAR AGLOMERACIONS A AV. CATALUNYA I PLA\u00c7A DE LA VILA<\/strong>. La cavalcada de reis de Sant Adri\u00e0 es pot gaudir f\u00e0cilment des de diversos punts de la ciutat, ja que \u00e9s un recorregut extens. Es recomana evitar les concentracions en llocs com l\u2019Av Catalunya o la pla\u00e7a de la Vila i escollir altres punts que permetin mantenir dist\u00e0ncies.<\/p>\n","protected":false},"excerpt":{"rendered":"<p>A causa de l\u2019evoluci\u00f3 de la situaci\u00f3 de la pand\u00e8mia de la Covid-19, l\u2019Ajuntament modifica el recorregut de la Cavalcada de Reis, amb la finalitat de garantir la salut de tothom i al mateix temps gaudir de manera segura de l\u2019arribada dels Mags d\u2019Orient. La Cavalcada finalitzar\u00e0 al carrer Rafael de Casanovas amb la Nacional [&hellip;]<\/p>\n","protected":false},"author":2,"featured_media":4492,"comment_status":"open","ping_status":"open","sticky":false,"template":"","format":"standard","meta":{"footnotes":""},"categories":[134],"tags":[],"class_list":{"0":"post-4592","1":"post","2":"type-post","3":"status-publish","4":"format-standard","5":"has-post-thumbnail","7":"category-actualitat"},"_links":{"self":[{"href":"https:\/\/www.areabesos.com\/diario\/wp-json\/wp\/v2\/posts\/4592","targetHints":{"allow":["GET"]}}],"collection":[{"href":"https:\/\/www.areabesos.com\/diario\/wp-json\/wp\/v2\/posts"}],"about":[{"href":"https:\/\/www.areabesos.com\/diario\/wp-json\/wp\/v2\/types\/post"}],"author":[{"embeddable":true,"href":"https:\/\/www.areabesos.com\/diario\/wp-json\/wp\/v2\/users\/2"}],"replies":[{"embeddable":true,"href":"https:\/\/www.areabesos.com\/diario\/wp-json\/wp\/v2\/comments?post=4592"}],"version-history":[{"count":1,"href":"https:\/\/www.areabesos.com\/diario\/wp-json\/wp\/v2\/posts\/4592\/revisions"}],"predecessor-version":[{"id":4593,"href":"https:\/\/www.areabesos.com\/diario\/wp-json\/wp\/v2\/posts\/4592\/revisions\/4593"}],"wp:featuredmedia":[{"embeddable":true,"href":"https:\/\/www.areabesos.com\/diario\/wp-json\/wp\/v2\/media\/4492"}],"wp:attachment":[{"href":"https:\/\/www.areabesos.com\/diario\/wp-json\/wp\/v2\/media?parent=4592"}],"wp:term":[{"taxonomy":"category","embeddable":true,"href":"https:\/\/www.areabesos.com\/diario\/wp-json\/wp\/v2\/categories?post=4592"},{"taxonomy":"post_tag","embeddable":true,"href":"https:\/\/www.areabesos.com\/diario\/wp-json\/wp\/v2\/tags?post=4592"}],"curies":[{"name":"wp","href":"https:\/\/api.w.org\/{rel}","templated":true}]}}