{"id":4589,"date":"2022-01-01T13:03:00","date_gmt":"2022-01-01T12:03:00","guid":{"rendered":"http:\/\/www.areabesos.com\/diario\/?p=4589"},"modified":"2022-01-03T13:05:04","modified_gmt":"2022-01-03T12:05:04","slug":"quien-lo-iba-a-decir-que-amaneceria-por-fin-2022","status":"publish","type":"post","link":"https:\/\/www.areabesos.com\/diario\/quien-lo-iba-a-decir-que-amaneceria-por-fin-2022\/","title":{"rendered":"Qui\u00e9n lo iba a decir, que amanecer\u00eda por fin 2022"},"content":{"rendered":"\n<p>Qui\u00e9n lo iba a decir, el reloj que derrota el tiempo perdido trayendo un n\u00famero nuevo, pero con el mismo ojo para seguir viendo el cielo al que no subir\u00e1n los abusadores de tantos peque\u00f1os con la cruz armada bajo la sotana, ni los obispos que se niegan a investigarlos, aunque lo mande el Vaticano. \u00a1\u00a1Que se entreguen los primeros, si los hubo, los obispos que abusaron!!<\/p>\n\n\n\n<p>Qui\u00e9n lo iba a decir, y si usted no quiere que esto le siga doliendo, deje de leer, pues las verdades que vienen ser\u00e1n todas desagradables.<\/p>\n\n\n\n<p>Pero no las ilusiones.<\/p>\n\n\n\n<p>Qui\u00e9n lo iba a decir, hablando de los ni\u00f1os que fueron los que hoy son viejos, saber de ellos que, adem\u00e1s, les contaron en el colegio que los republicanos fueron los culpables de aquel golpe de Estado y de la sangre derramada. Y que haya millones que se lo sigan creyendo.<\/p>\n\n\n\n<p>Y qui\u00e9n lo iba a decir, dentro de quince a\u00f1os har\u00e1 un siglo, que muchos profesores sigan sin atreverse a contar a sus alumnos la Espa\u00f1a del siglo veinte, con miles de asesinados por los franquistas y el cuento de los reyes, tan inviolables como indecentes.<\/p>\n\n\n\n<p>Qui\u00e9n lo iba a decir, que vivamos en la monarqu\u00eda que restaur\u00f3 durante su dictadura el militar que s\u00ed organiz\u00f3 y ejecut\u00f3 el golpe de Estado, aunque para disfrazarla la colocaran con mentiras en una nueva ley de leyes en medio de una confusi\u00f3n reinante y amenazada llamada \u201cTransici\u00f3n\u201d.<\/p>\n\n\n\n<p>\u201cDe la ley a ley\u201d, qui\u00e9n lo iba a decir, para que se salvaran los criminales. Que todos se salvaron y, los que quisieron, siguieron mandando.<\/p>\n\n\n\n<p>Y qui\u00e9n lo iba a decir, del primer rey de esa monarqu\u00eda as\u00ed restaurada, que nos contaron el cuento de que par\u00f3 otro golpe de Estado, aunque ahora sabemos que aquello fue el teatro de intrigas que organiz\u00f3 para acabar con un presidente elegido en las urnas, pero que se le escapaba de las manos.<\/p>\n\n\n\n<p>Qui\u00e9n lo iba a decir, de aquel militar golpista, asesino, dictador y restaurador de la monarqu\u00eda, que dijera que estaba dispuesto a matar a trece millones, que eran entonces \u201cla mitad de los espa\u00f1oles\u201d. Y que claro, para que no le pasara nada tuvo que ganar la guerra, costara lo que costara.<\/p>\n\n\n\n<p>Y qui\u00e9n lo iba a decir, que m\u00e1s de ochenta a\u00f1os despu\u00e9s nos \u00edbamos a enterar que otros altos militares, porque quien lo ha sido en Espa\u00f1a lo sigue siendo para siempre, compartieran en sus redes privadas que \u201chay que ejecutar a 26 millones de hijos de puta\u201d, m\u00e1s de la mitad de los espa\u00f1oles de hoy, como subiendo la apuesta, y no les haya pasado nada. Ni a quien lo dijo, ni a quienes, sabi\u00e9ndolo, no lo denunciaron ante la justicia.<\/p>\n\n\n\n<p>Y qui\u00e9n lo iba a decir que, en cambio, a un cantante desarmado, como todos los cantantes, por rapear amenazas en vac\u00edo y llamar al rey ladr\u00f3n por su nombre, haya tenido que exiliarse para no entrar en la c\u00e1rcel.<\/p>\n\n\n\n<p>Qui\u00e9n lo iba a decir, tantas elecciones tergiversando la voluntad popular con dinero ilegal entregado bajo cuerda a ciertos pol\u00edticos importantes, pero que a quien le terminan quitando el acta de diputado sea a uno al que un solo polic\u00eda, armado con una ley a la que llaman \u201cmordaza\u201d y que sigue recortando libertades, acus\u00f3 de haberle dado una patada hace siete a\u00f1os durante una manifestaci\u00f3n contra un desahucio.<\/p>\n\n\n\n<p>Qui\u00e9n lo iba a decir, que con la excusa de esa patada sentenciada el socio \u201csocialista\u201d y grande de un gobierno iba a humillar al socio \u201c15M\u201d y peque\u00f1o. Y que el socio peque\u00f1o se dejar\u00eda humillar por el socio grande, se\u00f1ora Yolanda D\u00edaz.<\/p>\n\n\n\n<p>Qui\u00e9n lo iba a decir, que le pregunten con mascarilla a la ministra Robles por qu\u00e9 s\u00ed a siete mil personas en la Puerta del Sol del Reino de Espa\u00f1a para escuchar unas campanadas, mientras en otras capitales lo proh\u00edben todo, y que ella responda tirando balones fuera con lo de la \u201cdistancia\u201d, como si los riesgos y los muertos por contagio fueran los mismos en medio de la masa que en una plaza vac\u00eda.<\/p>\n\n\n\n<p>Que nadie se hubiera quitado la vida por una juerga de menos ni a ti, Robles, te hubiera pasado nada por decir algo en contra de Ayuso.<\/p>\n\n\n\n<p>Qui\u00e9n lo iba a decir, que escuchemos en la radio a redactores desaconsejando las reuniones para evitar contagios, pero tambi\u00e9n anuncios que convocan a divertirnos reunidos, como ese \u201ccopia y pega\u201d de la Loter\u00eda Nacional para lud\u00f3patas baratos versi\u00f3n ONCE, con el \u201cvente con nosotros a la casa que he alquilado en el campo y el cup\u00f3n se lo enviamos a tu madre con el taxi de mi hermano\u201d. Aqu\u00ed ya no manda ni qui\u00e9n paga, o todo es un enga\u00f1o.<\/p>\n\n\n\n<p>Y qui\u00e9n lo iba a decir, tantos muertos asesinados yaciendo a\u00fan bajo el suelo que pisamos, alas en el cielo contra el miedo que lo intenta de nuevo.<\/p>\n\n\n\n<p>Qui\u00e9n lo iba a decir, que termino ya porque me dicen que estoy loco. Han descubierto que escribo siempre las mismas palabras, pero&nbsp;cambi\u00e1ndolas de sitio.<\/p>\n\n\n\n<p>Qui\u00e9n lo iba a decir 2022. Dejadme so\u00f1ar con este n\u00famero nuevo, como si fuera el a\u00f1o en el que las amenazas cayeron derrotadas y regresaron las vidas que rompieron los malditos.<\/p>\n\n\n\n<p><span style=\"background-color:#010f14\" class=\"td_text_highlight_marker\">Domingo Sanz<\/span><\/p>\n","protected":false},"excerpt":{"rendered":"<p>Qui\u00e9n lo iba a decir, el reloj que derrota el tiempo perdido trayendo un n\u00famero nuevo, pero con el mismo ojo para seguir viendo el cielo al que no subir\u00e1n los abusadores de tantos peque\u00f1os con la cruz armada bajo la sotana, ni los obispos que se niegan a investigarlos, aunque lo mande el Vaticano. [&hellip;]<\/p>\n","protected":false},"author":2,"featured_media":4590,"comment_status":"open","ping_status":"open","sticky":false,"template":"","format":"standard","meta":{"footnotes":""},"categories":[139],"tags":[],"class_list":{"0":"post-4589","1":"post","2":"type-post","3":"status-publish","4":"format-standard","5":"has-post-thumbnail","7":"category-opinio"},"_links":{"self":[{"href":"https:\/\/www.areabesos.com\/diario\/wp-json\/wp\/v2\/posts\/4589","targetHints":{"allow":["GET"]}}],"collection":[{"href":"https:\/\/www.areabesos.com\/diario\/wp-json\/wp\/v2\/posts"}],"about":[{"href":"https:\/\/www.areabesos.com\/diario\/wp-json\/wp\/v2\/types\/post"}],"author":[{"embeddable":true,"href":"https:\/\/www.areabesos.com\/diario\/wp-json\/wp\/v2\/users\/2"}],"replies":[{"embeddable":true,"href":"https:\/\/www.areabesos.com\/diario\/wp-json\/wp\/v2\/comments?post=4589"}],"version-history":[{"count":1,"href":"https:\/\/www.areabesos.com\/diario\/wp-json\/wp\/v2\/posts\/4589\/revisions"}],"predecessor-version":[{"id":4591,"href":"https:\/\/www.areabesos.com\/diario\/wp-json\/wp\/v2\/posts\/4589\/revisions\/4591"}],"wp:featuredmedia":[{"embeddable":true,"href":"https:\/\/www.areabesos.com\/diario\/wp-json\/wp\/v2\/media\/4590"}],"wp:attachment":[{"href":"https:\/\/www.areabesos.com\/diario\/wp-json\/wp\/v2\/media?parent=4589"}],"wp:term":[{"taxonomy":"category","embeddable":true,"href":"https:\/\/www.areabesos.com\/diario\/wp-json\/wp\/v2\/categories?post=4589"},{"taxonomy":"post_tag","embeddable":true,"href":"https:\/\/www.areabesos.com\/diario\/wp-json\/wp\/v2\/tags?post=4589"}],"curies":[{"name":"wp","href":"https:\/\/api.w.org\/{rel}","templated":true}]}}