{"id":4585,"date":"2021-12-30T12:39:22","date_gmt":"2021-12-30T11:39:22","guid":{"rendered":"http:\/\/www.areabesos.com\/diario\/?p=4585"},"modified":"2021-12-30T12:39:23","modified_gmt":"2021-12-30T11:39:23","slug":"mas-valtonyc-o-mas-valentia-de-pedro-sanchez-y-yolanda-diaz","status":"publish","type":"post","link":"https:\/\/www.areabesos.com\/diario\/mas-valtonyc-o-mas-valentia-de-pedro-sanchez-y-yolanda-diaz\/","title":{"rendered":"M\u00e1s Valtonyc o m\u00e1s valent\u00eda de Pedro S\u00e1nchez y Yolanda D\u00edaz"},"content":{"rendered":"\n<p>Ahora que un rapero ha confirmado la protecci\u00f3n europea para no tener que cumplir condena en Espa\u00f1a \u00bfser\u00e1n valientes Pedro S\u00e1nchez y Yolanda D\u00edaz, o har\u00e1n como Mart\u00ednez-Almeida, ese alcalde de Madrid que hace cuatro d\u00edas le neg\u00f3 a Almudena Grandes el aire que ya no pod\u00eda respirar, y ahora se lo concede envenenado, a cambio de unos votos para el presupuesto municipal?<\/p>\n\n\n\n<p>Por si sirve para ayudar, recordemos otras preguntas sin respuesta.<\/p>\n\n\n\n<p>\u00bfFue valiente S\u00e1nchez cuando se lanz\u00f3 a la carretera despu\u00e9s de ser defenestrado por los suyos tras perder en las generales de 2016, o es una especie de lud\u00f3pata a quien lo que le gusta de la pol\u00edtica es el riesgo?<\/p>\n\n\n\n<p>Ambas respuestas podr\u00edan servir para que liderara el cambio necesario.<\/p>\n\n\n\n<p>\u00bfFue valiente S\u00e1nchez cuando present\u00f3 la moci\u00f3n de censura en mayo de 2018, o sab\u00eda que Rajoy estaba muerto y bien muerto, pol\u00edticamente, desde que decidi\u00f3 no impedir que el rey apareciera por la tele el 3 de octubre de 2017, a pesar de que \u00e9l mismo, a los pocos d\u00edas de abandonar La Moncloa, declar\u00f3 que no le hab\u00eda pedido a Felipe VI ese discurso?<\/p>\n\n\n\n<p>Quiz\u00e1s recordaba S\u00e1nchez que su PSOE solo consigui\u00f3 ganar las primeras elecciones generales despu\u00e9s de que el padre de Felipe VI, ahora em\u00e9rito y siempre delincuente, obligara a dimitir a un tal Adolfo Su\u00e1rez tras intrigar contra \u00e9l con varios generales franquistas y sin respetar que hab\u00eda sido elegido por la voluntad popular.<\/p>\n\n\n\n<p>Cosas que se van sabiendo sin necesidad de esperar a que derogue la Ley de Secretos, en este asunto tan cobarde como lo est\u00e1 siendo Pedro S\u00e1nchez.<\/p>\n\n\n\n<p>\u00bfFue valiente S\u00e1nchez cuando concedi\u00f3 unos indultos parciales y reversibles a los independentistas catalanes encarcelados, o solo buscaba los votos necesarios para asegurar los presupuestos, de nuevo como Mart\u00ednez-Almeida, aunque sin parecer despreciable?<\/p>\n\n\n\n<p>S\u00e1nchez y D\u00edaz mandan en un Gobierno al que, un d\u00eda de los Santos Inocentes y en medio de la mesa de los ministros reunidos en Consejo, le ha ca\u00eddo la bomba de que la justicia de un pa\u00eds europeo le deniega, quiz\u00e1s para siempre, la extradici\u00f3n de un rapero mallorqu\u00edn llamado Valtonyc.&nbsp;<\/p>\n\n\n\n<p>Se trata de un pa\u00eds europeo y peque\u00f1o de esos que el Reino de Espa\u00f1a invad\u00eda en un cuarto de hora enviando a los Tercios del Duque de Alba, los mismos que siguen siendo el coco con el que muchas madres asustan a sus peque\u00f1os para que se porten bien, aunque les duerma el miedo.<\/p>\n\n\n\n<p>Se llama B\u00e9lgica, un pa\u00eds que para no entregar a Valtonyc ha sido capaz de borrar de su legislaci\u00f3n un delito que, de tan rid\u00edculo como les parece, se hab\u00edan olvidado de que lo ten\u00edan escrito. En cambio, donde S\u00e1nchez y D\u00edaz gobiernan sirve, seg\u00fan quien se enfade, para encarcelar a los que digan lo que piensan de la Monarqu\u00eda, aunque paguen los impuestos necesarios para mantenerla mientras el rey roba y roba.<\/p>\n\n\n\n<p>Pedro S\u00e1nchez y Yolanda D\u00edaz tienen que decidir si se atrever\u00e1n o no a ser valientes, aprovechando que un Valtonyc pasaba por all\u00ed, para cambiar esta monarqu\u00eda con urnas restaurada durante la dictadura por una democracia con libertades de verdad y sin represalias por decir las cosas en voz alta, esa manera de hablar que no puede ocultar intenciones distintas a las que proclama.<\/p>\n\n\n\n<p>S\u00e1nchez y D\u00edaz deben darse cuenta de que es necesaria una amnist\u00eda pol\u00edtica de verdad y que esta vez no sirva para salvar a los muchos delincuentes que han robado desde las alturas durante m\u00e1s de cuatro d\u00e9cadas de monarqu\u00eda corrupta. Y en particular, Pedro tiene que comprender que solo as\u00ed podr\u00e1 cumplir su palabra de \u00abtraer\u00bb a Carles Puigdemont, hoy protegido, como Valtonyc, por la justicia europea contra el af\u00e1n represivo que domina en el Reino de Espa\u00f1a.&nbsp;<\/p>\n\n\n\n<p>De lo contrario, durante la pr\u00f3xima campa\u00f1a electoral S\u00e1nchez terminar\u00e1 sin saber lo que le pasa de tanto verse a s\u00ed mismo, pero en los videos del PP, incumpliendo lo que prometi\u00f3 durante la campa\u00f1a de 2019 y a pesar de estar gobernando la orgullosa Espa\u00f1a.<\/p>\n\n\n\n<p>Y Yolanda D\u00edaz debe comprender que consolidar las libertades y la democracia no es incompatible con avances como el de la reforma laboral, pero que las reformas pol\u00edticas son lo m\u00e1s importante para impedir el regreso, tambi\u00e9n a La Moncloa, de unos neofranquistas que, m\u00e1s o menos disfrazados, han conseguido muchos esca\u00f1os gracias a los desencuentros y las torpezas de UP y el PSOE, especialmente tras el 26 de abril de 2019. Y que muchos de los cambios decisivos no requieren mayor\u00edas tan cualificadas como la necesaria para sustituir la palabra \u201cdisminuidos\u201d por \u201cpersonas con discapacidad\u201d en la Constituci\u00f3n, que hay que re\u00edrse demasiado para no llorar si vives en un pa\u00eds en el que ocurre esto.<\/p>\n\n\n\n<p>Valent\u00eda pol\u00edtica contra viento y marea, y sin perder un momento, es lo que necesita este gobierno para demostrar autoridad pol\u00edtica y transmitir seguridad y firmeza a su electorado, incluso frente a lo que m\u00e1s le pueda doler a Felipe VI, si no quiere perder las pr\u00f3ximas elecciones en medio de la demagogia populista que va a desplegar la derecha espa\u00f1olista, la menos fiable de Europa.<\/p>\n\n\n\n<p><span style=\"background-color:#000609\" class=\"td_text_highlight_marker\">Domingo Sanz<\/span><\/p>\n","protected":false},"excerpt":{"rendered":"<p>Ahora que un rapero ha confirmado la protecci\u00f3n europea para no tener que cumplir condena en Espa\u00f1a \u00bfser\u00e1n valientes Pedro S\u00e1nchez y Yolanda D\u00edaz, o har\u00e1n como Mart\u00ednez-Almeida, ese alcalde de Madrid que hace cuatro d\u00edas le neg\u00f3 a Almudena Grandes el aire que ya no pod\u00eda respirar, y ahora se lo concede envenenado, a [&hellip;]<\/p>\n","protected":false},"author":2,"featured_media":4586,"comment_status":"open","ping_status":"open","sticky":false,"template":"","format":"standard","meta":{"footnotes":""},"categories":[139],"tags":[],"class_list":{"0":"post-4585","1":"post","2":"type-post","3":"status-publish","4":"format-standard","5":"has-post-thumbnail","7":"category-opinio"},"_links":{"self":[{"href":"https:\/\/www.areabesos.com\/diario\/wp-json\/wp\/v2\/posts\/4585","targetHints":{"allow":["GET"]}}],"collection":[{"href":"https:\/\/www.areabesos.com\/diario\/wp-json\/wp\/v2\/posts"}],"about":[{"href":"https:\/\/www.areabesos.com\/diario\/wp-json\/wp\/v2\/types\/post"}],"author":[{"embeddable":true,"href":"https:\/\/www.areabesos.com\/diario\/wp-json\/wp\/v2\/users\/2"}],"replies":[{"embeddable":true,"href":"https:\/\/www.areabesos.com\/diario\/wp-json\/wp\/v2\/comments?post=4585"}],"version-history":[{"count":1,"href":"https:\/\/www.areabesos.com\/diario\/wp-json\/wp\/v2\/posts\/4585\/revisions"}],"predecessor-version":[{"id":4587,"href":"https:\/\/www.areabesos.com\/diario\/wp-json\/wp\/v2\/posts\/4585\/revisions\/4587"}],"wp:featuredmedia":[{"embeddable":true,"href":"https:\/\/www.areabesos.com\/diario\/wp-json\/wp\/v2\/media\/4586"}],"wp:attachment":[{"href":"https:\/\/www.areabesos.com\/diario\/wp-json\/wp\/v2\/media?parent=4585"}],"wp:term":[{"taxonomy":"category","embeddable":true,"href":"https:\/\/www.areabesos.com\/diario\/wp-json\/wp\/v2\/categories?post=4585"},{"taxonomy":"post_tag","embeddable":true,"href":"https:\/\/www.areabesos.com\/diario\/wp-json\/wp\/v2\/tags?post=4585"}],"curies":[{"name":"wp","href":"https:\/\/api.w.org\/{rel}","templated":true}]}}