{"id":4581,"date":"2021-12-27T12:15:00","date_gmt":"2021-12-27T11:15:00","guid":{"rendered":"http:\/\/www.areabesos.com\/diario\/?p=4581"},"modified":"2021-12-30T12:21:39","modified_gmt":"2021-12-30T11:21:39","slug":"area-besos-300-desembre-2021","status":"publish","type":"post","link":"https:\/\/www.areabesos.com\/diario\/area-besos-300-desembre-2021\/","title":{"rendered":"\u00c0rea Bes\u00f2s 300 Desembre 2021"},"content":{"rendered":"\n<p>En el n\u00famero de desembre de l\u2019\u00c0rea Bes\u00f2s destaquem que, si no canvia res, tornaran els Reis Mags a rec\u00f3rrer els principals carrers de Sant Adri\u00e0 en la seva tradicional cavalcada. Tamb\u00e9 torna Adril\u00e0ndia, el sal\u00f3 de la inf\u00e0ncia, al Polidor. Tamb\u00e9 destaquem la creaci\u00f3 de la Coordinadora Ve\u00efnal del Baix Bes\u00f2s, i que la ll\u00fadriga torna a reproduir-se al Tordera i el Bes\u00f2s 40 anys despr\u00e9s. <\/p>\n\n\n<a href=\"https:\/\/www.areabesos.com\/diario\/wp-content\/uploads\/2021\/12\/AREABESOS300.pdf\" class=\"pdfemb-viewer\" style=\"\" data-width=\"max\" data-height=\"max\" data-toolbar=\"both\" data-toolbar-fixed=\"on\">AREABESOS300<\/a>\n<p class=\"wp-block-pdfemb-pdf-embedder-viewer\"><\/p>\n","protected":false},"excerpt":{"rendered":"<p>En el n\u00famero de desembre de l\u2019\u00c0rea Bes\u00f2s destaquem que, si no canvia res, tornaran els Reis Mags a rec\u00f3rrer els principals carrers de Sant Adri\u00e0 en la seva tradicional cavalcada. Tamb\u00e9 torna Adril\u00e0ndia, el sal\u00f3 de la inf\u00e0ncia, al Polidor. Tamb\u00e9 destaquem la creaci\u00f3 de la Coordinadora Ve\u00efnal del Baix Bes\u00f2s, i que la [&hellip;]<\/p>\n","protected":false},"author":1,"featured_media":4583,"comment_status":"open","ping_status":"open","sticky":false,"template":"","format":"standard","meta":{"footnotes":""},"categories":[141],"tags":[],"class_list":{"0":"post-4581","1":"post","2":"type-post","3":"status-publish","4":"format-standard","5":"has-post-thumbnail","7":"category-edicio-impresa"},"_links":{"self":[{"href":"https:\/\/www.areabesos.com\/diario\/wp-json\/wp\/v2\/posts\/4581","targetHints":{"allow":["GET"]}}],"collection":[{"href":"https:\/\/www.areabesos.com\/diario\/wp-json\/wp\/v2\/posts"}],"about":[{"href":"https:\/\/www.areabesos.com\/diario\/wp-json\/wp\/v2\/types\/post"}],"author":[{"embeddable":true,"href":"https:\/\/www.areabesos.com\/diario\/wp-json\/wp\/v2\/users\/1"}],"replies":[{"embeddable":true,"href":"https:\/\/www.areabesos.com\/diario\/wp-json\/wp\/v2\/comments?post=4581"}],"version-history":[{"count":1,"href":"https:\/\/www.areabesos.com\/diario\/wp-json\/wp\/v2\/posts\/4581\/revisions"}],"predecessor-version":[{"id":4584,"href":"https:\/\/www.areabesos.com\/diario\/wp-json\/wp\/v2\/posts\/4581\/revisions\/4584"}],"wp:featuredmedia":[{"embeddable":true,"href":"https:\/\/www.areabesos.com\/diario\/wp-json\/wp\/v2\/media\/4583"}],"wp:attachment":[{"href":"https:\/\/www.areabesos.com\/diario\/wp-json\/wp\/v2\/media?parent=4581"}],"wp:term":[{"taxonomy":"category","embeddable":true,"href":"https:\/\/www.areabesos.com\/diario\/wp-json\/wp\/v2\/categories?post=4581"},{"taxonomy":"post_tag","embeddable":true,"href":"https:\/\/www.areabesos.com\/diario\/wp-json\/wp\/v2\/tags?post=4581"}],"curies":[{"name":"wp","href":"https:\/\/api.w.org\/{rel}","templated":true}]}}