{"id":4578,"date":"2021-12-24T11:29:33","date_gmt":"2021-12-24T10:29:33","guid":{"rendered":"http:\/\/www.areabesos.com\/diario\/?p=4578"},"modified":"2021-12-24T11:29:34","modified_gmt":"2021-12-24T10:29:34","slug":"aquest-nadal-torna-ladrilandia-i-els-reis-mags-recorreran-de-nou-els-carrers-de-sant-adria-de-besos","status":"publish","type":"post","link":"https:\/\/www.areabesos.com\/diario\/aquest-nadal-torna-ladrilandia-i-els-reis-mags-recorreran-de-nou-els-carrers-de-sant-adria-de-besos\/","title":{"rendered":"Aquest Nadal torna l\u2019Adril\u00e0ndia i els Reis Mags recorreran de nou els carrers de Sant Adri\u00e0 de Bes\u00f2s"},"content":{"rendered":"\n<p>L\u2019any passat, la situaci\u00f3 sanit\u00e0ria provocada per la Covid19 va provocar la cancel\u00b7laci\u00f3 de molts esdeveniments. Un d\u2019aquests actes va ser el Sal\u00f3 de la Inf\u00e0ncia de la ciutat. L\u2019Adril\u00e0ndia havia de celebrar la seva 26ena edici\u00f3, per\u00f2 no va poder ser. Aquest 2022, si tot va b\u00e9 i no canvia la situaci\u00f3 actual, s\u00ed es podr\u00e0 dur a terme en el format habitual. Ser\u00e0, com \u00e9s habitual, els dies 3 i 4 de gener als espais compresos entre el pati de l\u2019Escola Sant Gabriel, la Rambleta i el Poliesportiu Ricart. L\u2019horari \u00e9s de 10.30 a 14 hores i de 16.30 a 20 hores. L\u2019entrada ser\u00e0 pel carrer Joaquim Blume i es necessita reservar pr\u00e8viament les entrades. Hi haur\u00e0 noves propostes de jocs, tallers, espectacles i moltes sorpreses.<br>Ses Majestats els Reis Mags d\u2019Orient tornaran a rec\u00f3rrer els principals carrers de la ciutat, com no van poder fer l\u2019any passat. La cavalcada comen\u00e7ar\u00e0 a les 17.30 hores a la Via Trajana i el recorregut ser\u00e0 el mateix que cada any: Via Trajana, pl. de Pis XII, av. de les Corts Catalanes, c. de l\u2019Argentina, c. de Goya, c. del Doctor Fleming, c. de Frederica Montseny, c. de Sant Ramon de Penyafort, c. de Ponent, c. de Llevant, c. de Crst\u00f2fol de Moura, c. de Torrassa, av. de la Platja, av. d\u2019Eduard Maristany, av. de Pi i Margall, c. Major, c. de les Monges, c. de Rafael Casanovas, c. de Ricart i pla\u00e7a de la Vila. Al consistori seran rebuts per l\u2019alcaldessa, Filo Ca\u00f1ete, els regidors i regidores, i els milers de nens i nenes adrianencs que els esperen durant tot l\u2019any.<\/p>\n","protected":false},"excerpt":{"rendered":"<p>L\u2019any passat, la situaci\u00f3 sanit\u00e0ria provocada per la Covid19 va provocar la cancel\u00b7laci\u00f3 de molts esdeveniments. Un d\u2019aquests actes va ser el Sal\u00f3 de la Inf\u00e0ncia de la ciutat. L\u2019Adril\u00e0ndia havia de celebrar la seva 26ena edici\u00f3, per\u00f2 no va poder ser. Aquest 2022, si tot va b\u00e9 i no canvia la situaci\u00f3 actual, s\u00ed [&hellip;]<\/p>\n","protected":false},"author":1,"featured_media":4579,"comment_status":"open","ping_status":"open","sticky":false,"template":"","format":"standard","meta":{"footnotes":""},"categories":[134,136],"tags":[],"class_list":{"0":"post-4578","1":"post","2":"type-post","3":"status-publish","4":"format-standard","5":"has-post-thumbnail","7":"category-actualitat","8":"category-cultura"},"_links":{"self":[{"href":"https:\/\/www.areabesos.com\/diario\/wp-json\/wp\/v2\/posts\/4578","targetHints":{"allow":["GET"]}}],"collection":[{"href":"https:\/\/www.areabesos.com\/diario\/wp-json\/wp\/v2\/posts"}],"about":[{"href":"https:\/\/www.areabesos.com\/diario\/wp-json\/wp\/v2\/types\/post"}],"author":[{"embeddable":true,"href":"https:\/\/www.areabesos.com\/diario\/wp-json\/wp\/v2\/users\/1"}],"replies":[{"embeddable":true,"href":"https:\/\/www.areabesos.com\/diario\/wp-json\/wp\/v2\/comments?post=4578"}],"version-history":[{"count":1,"href":"https:\/\/www.areabesos.com\/diario\/wp-json\/wp\/v2\/posts\/4578\/revisions"}],"predecessor-version":[{"id":4580,"href":"https:\/\/www.areabesos.com\/diario\/wp-json\/wp\/v2\/posts\/4578\/revisions\/4580"}],"wp:featuredmedia":[{"embeddable":true,"href":"https:\/\/www.areabesos.com\/diario\/wp-json\/wp\/v2\/media\/4579"}],"wp:attachment":[{"href":"https:\/\/www.areabesos.com\/diario\/wp-json\/wp\/v2\/media?parent=4578"}],"wp:term":[{"taxonomy":"category","embeddable":true,"href":"https:\/\/www.areabesos.com\/diario\/wp-json\/wp\/v2\/categories?post=4578"},{"taxonomy":"post_tag","embeddable":true,"href":"https:\/\/www.areabesos.com\/diario\/wp-json\/wp\/v2\/tags?post=4578"}],"curies":[{"name":"wp","href":"https:\/\/api.w.org\/{rel}","templated":true}]}}