{"id":4569,"date":"2021-12-20T13:02:00","date_gmt":"2021-12-20T12:02:00","guid":{"rendered":"http:\/\/www.areabesos.com\/diario\/?p=4569"},"modified":"2021-12-21T13:07:48","modified_gmt":"2021-12-21T12:07:48","slug":"subsidis-compatibles","status":"publish","type":"post","link":"https:\/\/www.areabesos.com\/diario\/subsidis-compatibles\/","title":{"rendered":"Subsidis compatibles"},"content":{"rendered":"\n<p>Sembla que els pol\u00edtics busquen solucions per als quals estan en atur puguin obtenir millors sous o prestacions compatibilitzant amb una ocupaci\u00f3. No em sembla malament com a idea, per\u00f2 si com a soluci\u00f3, segurament amb aquesta decisi\u00f3 es plantejaven problemes laborals, ja que \u00e9s un \u00abpegat\u00bb, no m&#8217;extendr\u00e9 en aquesta soluci\u00f3, ja que ja sortiran molts comentaris. Suposo que els que se&#8217;ls ha ocorregut aquesta idea segurament es plantegen que podria estendre la soluci\u00f3 a jubilats, llarga malaltia, pensions de vidu\u00eftat, orfandat, sovi, i altres prestacions que actualment existeixen i segurament ajuden a poder sobreviure. Al meu entendre els pol\u00edtics durant el temps que estan en pol\u00edtica s&#8217;avorreixen molt i no saben qu\u00e8 fer, ni com afrontar els problemes reals dels ciutadans. S&#8217;aixequen al mat\u00ed per a anar al \u00abtreball\u00bb i diuen avui se m&#8217;ha ocorregut aquest tema i pensen, veurem que passa, i juguen a l&#8217;endev\u00ed &#8230;.., si endevino b\u00e9 i sin\u00f3 no malament. Sento molt pensar que aix\u00f2 pot oc\u00f3rrer, per\u00f2 segurament el temps donar\u00e0 la ra\u00f3 a alg\u00fa.<\/p>\n\n\n\n<p><span style=\"background-color:#011219\" class=\"td_text_highlight_marker\">Josep Meg\u00edas<\/span><\/p>\n","protected":false},"excerpt":{"rendered":"<p>Sembla que els pol\u00edtics busquen solucions per als quals estan en atur puguin obtenir millors sous o prestacions compatibilitzant amb una ocupaci\u00f3. No em sembla malament com a idea, per\u00f2 si com a soluci\u00f3, segurament amb aquesta decisi\u00f3 es plantejaven problemes laborals, ja que \u00e9s un \u00abpegat\u00bb, no m&#8217;extendr\u00e9 en aquesta soluci\u00f3, ja que ja [&hellip;]<\/p>\n","protected":false},"author":2,"featured_media":4570,"comment_status":"open","ping_status":"open","sticky":false,"template":"","format":"standard","meta":{"footnotes":""},"categories":[139],"tags":[],"class_list":{"0":"post-4569","1":"post","2":"type-post","3":"status-publish","4":"format-standard","5":"has-post-thumbnail","7":"category-opinio"},"_links":{"self":[{"href":"https:\/\/www.areabesos.com\/diario\/wp-json\/wp\/v2\/posts\/4569","targetHints":{"allow":["GET"]}}],"collection":[{"href":"https:\/\/www.areabesos.com\/diario\/wp-json\/wp\/v2\/posts"}],"about":[{"href":"https:\/\/www.areabesos.com\/diario\/wp-json\/wp\/v2\/types\/post"}],"author":[{"embeddable":true,"href":"https:\/\/www.areabesos.com\/diario\/wp-json\/wp\/v2\/users\/2"}],"replies":[{"embeddable":true,"href":"https:\/\/www.areabesos.com\/diario\/wp-json\/wp\/v2\/comments?post=4569"}],"version-history":[{"count":1,"href":"https:\/\/www.areabesos.com\/diario\/wp-json\/wp\/v2\/posts\/4569\/revisions"}],"predecessor-version":[{"id":4571,"href":"https:\/\/www.areabesos.com\/diario\/wp-json\/wp\/v2\/posts\/4569\/revisions\/4571"}],"wp:featuredmedia":[{"embeddable":true,"href":"https:\/\/www.areabesos.com\/diario\/wp-json\/wp\/v2\/media\/4570"}],"wp:attachment":[{"href":"https:\/\/www.areabesos.com\/diario\/wp-json\/wp\/v2\/media?parent=4569"}],"wp:term":[{"taxonomy":"category","embeddable":true,"href":"https:\/\/www.areabesos.com\/diario\/wp-json\/wp\/v2\/categories?post=4569"},{"taxonomy":"post_tag","embeddable":true,"href":"https:\/\/www.areabesos.com\/diario\/wp-json\/wp\/v2\/tags?post=4569"}],"curies":[{"name":"wp","href":"https:\/\/api.w.org\/{rel}","templated":true}]}}