{"id":4562,"date":"2021-12-21T10:22:06","date_gmt":"2021-12-21T09:22:06","guid":{"rendered":"http:\/\/www.areabesos.com\/diario\/?p=4562"},"modified":"2021-12-21T10:22:07","modified_gmt":"2021-12-21T09:22:07","slug":"campanya-contra-la-urbanitzacio-de-la-zona-de-les-3-xemeneies","status":"publish","type":"post","link":"https:\/\/www.areabesos.com\/diario\/campanya-contra-la-urbanitzacio-de-la-zona-de-les-3-xemeneies\/","title":{"rendered":"Campanya contra la urbanitzaci\u00f3 de la zona de les 3 xemeneies"},"content":{"rendered":"\n<p>Aquest passat diumenge 19 de desembre l\u2019Assemblea Local de la CUP a Sant Adri\u00e0 de Bes\u00f2s ha iniciat una campanya en contra del nou barri que es vol construir entre les 3 xemeneies i el riu Bes\u00f2s mitjan\u00e7ant una paradeta informativa a la pla\u00e7a de la Vila. S\u2019ha repartit pamflets sota el lema \u00ab<strong>No al PDU, s\u00ed al bon govern\u00bb<\/strong> amb el seu manifest.<\/p>\n\n\n\n<p>Els membres de la CUP denuncien que aquesta urbanitzaci\u00f3 pret\u00e9n crear un barri de luxe d\u2019esquena a la resta del municipi, que suposar\u00e0 la gentrificaci\u00f3 dels barris propers i que respon a un model de turisme insostenible i a una cultura del <em>pelotazo <\/em>liderada per un m\u00e9s que sospit\u00f3s PSC.<\/p>\n\n\n\n<p>L\u2019actual PDU (pla director urban\u00edstic) preveu la construcci\u00f3 en aquesta zona de 1.844 habitatges \u2014que vindrien a ser m\u00e9s de 4.000 habitants\u2014, un hotel de 18 plantes a primera l\u00ednia de mar, un \u00fas mixt residencial\/comercial i, segons qualifica la CUP, espais verds i de serveis insuficients. Tampoc garanteix el retorn social per les adrianenques i badalonines dels usos de les 3 xemeneies. En aquest sentit, El PSC i Cs de Sant Adri\u00e0, en el ple del passat 27 de setembre, van rebaixar la protecci\u00f3 de les 3 xemeneies com b\u00e9 cultural d&#8217;inter\u00e8s local.&nbsp;<\/p>\n\n\n\n<p>La CUP proposa com a alternativa a l\u2019actual projecte: la soluci\u00f3 immediata al col\u00b7lector de llevant \u2014que ha quedat antiquat i petit i aboca porqueria al mar en dies de pluja\u2014, la conservaci\u00f3 de les 3 xemeneies i la creaci\u00f3 d\u2019un centre de la mem\u00f2ria obrera i\/o formatiu en elles, l\u2019ampliaci\u00f3 del Parc del Litoral fins a les 3 xemeneies, el soterrament o trasllat de les vies del tren, l\u2019allargament de la l\u00ednea de tramvia, la millora dels equipaments existents i la remunicipalitzaci\u00f3 del Marina-Bes\u00f2s i la potenciaci\u00f3 de l\u2019economia social i solid\u00e0ria (ESS) al pol\u00edgon el Sot.<\/p>\n","protected":false},"excerpt":{"rendered":"<p>Aquest passat diumenge 19 de desembre l\u2019Assemblea Local de la CUP a Sant Adri\u00e0 de Bes\u00f2s ha iniciat una campanya en contra del nou barri que es vol construir entre les 3 xemeneies i el riu Bes\u00f2s mitjan\u00e7ant una paradeta informativa a la pla\u00e7a de la Vila. S\u2019ha repartit pamflets sota el lema \u00abNo al [&hellip;]<\/p>\n","protected":false},"author":2,"featured_media":4563,"comment_status":"open","ping_status":"open","sticky":false,"template":"","format":"standard","meta":{"footnotes":""},"categories":[134,135],"tags":[],"class_list":{"0":"post-4562","1":"post","2":"type-post","3":"status-publish","4":"format-standard","5":"has-post-thumbnail","7":"category-actualitat","8":"category-societat"},"_links":{"self":[{"href":"https:\/\/www.areabesos.com\/diario\/wp-json\/wp\/v2\/posts\/4562","targetHints":{"allow":["GET"]}}],"collection":[{"href":"https:\/\/www.areabesos.com\/diario\/wp-json\/wp\/v2\/posts"}],"about":[{"href":"https:\/\/www.areabesos.com\/diario\/wp-json\/wp\/v2\/types\/post"}],"author":[{"embeddable":true,"href":"https:\/\/www.areabesos.com\/diario\/wp-json\/wp\/v2\/users\/2"}],"replies":[{"embeddable":true,"href":"https:\/\/www.areabesos.com\/diario\/wp-json\/wp\/v2\/comments?post=4562"}],"version-history":[{"count":1,"href":"https:\/\/www.areabesos.com\/diario\/wp-json\/wp\/v2\/posts\/4562\/revisions"}],"predecessor-version":[{"id":4564,"href":"https:\/\/www.areabesos.com\/diario\/wp-json\/wp\/v2\/posts\/4562\/revisions\/4564"}],"wp:featuredmedia":[{"embeddable":true,"href":"https:\/\/www.areabesos.com\/diario\/wp-json\/wp\/v2\/media\/4563"}],"wp:attachment":[{"href":"https:\/\/www.areabesos.com\/diario\/wp-json\/wp\/v2\/media?parent=4562"}],"wp:term":[{"taxonomy":"category","embeddable":true,"href":"https:\/\/www.areabesos.com\/diario\/wp-json\/wp\/v2\/categories?post=4562"},{"taxonomy":"post_tag","embeddable":true,"href":"https:\/\/www.areabesos.com\/diario\/wp-json\/wp\/v2\/tags?post=4562"}],"curies":[{"name":"wp","href":"https:\/\/api.w.org\/{rel}","templated":true}]}}