{"id":4557,"date":"2021-12-20T10:38:42","date_gmt":"2021-12-20T09:38:42","guid":{"rendered":"http:\/\/www.areabesos.com\/diario\/?p=4557"},"modified":"2021-12-20T10:38:42","modified_gmt":"2021-12-20T09:38:42","slug":"la-coordinadora-independentista-pla-de-besos-comenca-a-caminar","status":"publish","type":"post","link":"https:\/\/www.areabesos.com\/diario\/la-coordinadora-independentista-pla-de-besos-comenca-a-caminar\/","title":{"rendered":"La Coordinadora Independentista Pla de Bes\u00f2s comen\u00e7a a caminar"},"content":{"rendered":"\n<p>El passat divendres 17 de desembre va tenir lloc la presentaci\u00f3 de la coordinadora<br>independentista Pla de Bes\u00f2s.<br>L&#8217;acte va celebrar-se al Casal Joan Fiveller i va tenir a la N\u00faria Arnau com a moderadora i al Mart\u00ed Oliver, jove represaliat de la ciutat, i a Gabriela Serra, exdiputada al Parlament de Catalunya i incansable lluitadora pels drets socials i nacionals.<br>A l&#8217;inici de l&#8217;acte la N\u00faria Arnau va llegir el manifest inicial de la Coordinadora on es<br>destacava la voluntat de totes les organitzacions participants en la lluita pel fi de la<br>repressi\u00f3, l&#8217;amnistia per totes les persones encausades, i l&#8217;autodeterminaci\u00f3 de Catalunya.<br>Durant l&#8217;acte el Mart\u00ed va explicar el seu cas particular, mentre que la Gabriela Serra de manera molt amena va analitzar les actuals lleis espanyoles i com aquestes castiguen la dissid\u00e8ncia pol\u00edtica dels diferents moviments pol\u00edtica i socials.<br>L&#8217;acte va acabar amb una foto de totes les organitzacions que formen la coordinadora<br>juntament amb els tres ponents.<br>Els objectius de la creaci\u00f3 de la coordinadora, m\u00e9s enll\u00e0 dels mencionats en el manifest \u00e9s facilitar l&#8217;organitzaci\u00f3 i comunicaci\u00f3 entre les diferents formacions i associacions en temes i actes relacionats amb la consecuci\u00f3 de la independ\u00e8ncia.<\/p>\n","protected":false},"excerpt":{"rendered":"<p>El passat divendres 17 de desembre va tenir lloc la presentaci\u00f3 de la coordinadoraindependentista Pla de Bes\u00f2s.L&#8217;acte va celebrar-se al Casal Joan Fiveller i va tenir a la N\u00faria Arnau com a moderadora i al Mart\u00ed Oliver, jove represaliat de la ciutat, i a Gabriela Serra, exdiputada al Parlament de Catalunya i incansable lluitadora pels [&hellip;]<\/p>\n","protected":false},"author":2,"featured_media":4558,"comment_status":"open","ping_status":"open","sticky":false,"template":"","format":"standard","meta":{"footnotes":""},"categories":[134,135],"tags":[],"class_list":{"0":"post-4557","1":"post","2":"type-post","3":"status-publish","4":"format-standard","5":"has-post-thumbnail","7":"category-actualitat","8":"category-societat"},"_links":{"self":[{"href":"https:\/\/www.areabesos.com\/diario\/wp-json\/wp\/v2\/posts\/4557","targetHints":{"allow":["GET"]}}],"collection":[{"href":"https:\/\/www.areabesos.com\/diario\/wp-json\/wp\/v2\/posts"}],"about":[{"href":"https:\/\/www.areabesos.com\/diario\/wp-json\/wp\/v2\/types\/post"}],"author":[{"embeddable":true,"href":"https:\/\/www.areabesos.com\/diario\/wp-json\/wp\/v2\/users\/2"}],"replies":[{"embeddable":true,"href":"https:\/\/www.areabesos.com\/diario\/wp-json\/wp\/v2\/comments?post=4557"}],"version-history":[{"count":1,"href":"https:\/\/www.areabesos.com\/diario\/wp-json\/wp\/v2\/posts\/4557\/revisions"}],"predecessor-version":[{"id":4559,"href":"https:\/\/www.areabesos.com\/diario\/wp-json\/wp\/v2\/posts\/4557\/revisions\/4559"}],"wp:featuredmedia":[{"embeddable":true,"href":"https:\/\/www.areabesos.com\/diario\/wp-json\/wp\/v2\/media\/4558"}],"wp:attachment":[{"href":"https:\/\/www.areabesos.com\/diario\/wp-json\/wp\/v2\/media?parent=4557"}],"wp:term":[{"taxonomy":"category","embeddable":true,"href":"https:\/\/www.areabesos.com\/diario\/wp-json\/wp\/v2\/categories?post=4557"},{"taxonomy":"post_tag","embeddable":true,"href":"https:\/\/www.areabesos.com\/diario\/wp-json\/wp\/v2\/tags?post=4557"}],"curies":[{"name":"wp","href":"https:\/\/api.w.org\/{rel}","templated":true}]}}