{"id":4552,"date":"2021-12-19T10:33:00","date_gmt":"2021-12-19T09:33:00","guid":{"rendered":"http:\/\/www.areabesos.com\/diario\/?p=4552"},"modified":"2021-12-20T10:34:10","modified_gmt":"2021-12-20T09:34:10","slug":"jo-parlo-catala-i-espanol","status":"publish","type":"post","link":"https:\/\/www.areabesos.com\/diario\/jo-parlo-catala-i-espanol\/","title":{"rendered":"Jo parlo catal\u00e0 i espa\u00f1ol"},"content":{"rendered":"\n<p>Volia comentar sobre el problema de les lleng\u00fces a Espanya, som\u00a0un pa\u00eds molt ric en lleng\u00fces i crec que s&#8217;han de respectar i\u00a0fomentar. El\u00a0que si tinc clar \u00e9s que no s&#8217;han d&#8217;obligar a\u00a0aprendre, ja que\u00a0al final no s&#8217;aconsegu\u00eds\u00a0res. La\u00a0meva fam\u00edlia per part mare nom\u00e9s parlaven catal\u00e0 i la meva fam\u00edlia per part de pare nom\u00e9s parlaven castell\u00e0\u00a0,amb el temps totes dues fam\u00edlies van aprendre\u00a0les\u00a0dues lleng\u00fces,\u00a0fins aqu\u00ed cap\u00a0problema. I\u00a0jo parlava les dues lleng\u00fces i\u00a0algunes m\u00e9s.\u00a0Els meus estudis van ser \u00e9s castell\u00e0 i aix\u00ed acabi les meves carreres cap\u00a0problema. Els\u00a0meus fills parlen en catal\u00e0 i\u00a0castell\u00e0. No\u00a0acabo d&#8217;entendre el problema que\u00a0s&#8217;est\u00e0\u00a0creant pel partit pol\u00edtic que governa Catalunya,\u00a0sembla que no hi ha cap problema\u00a0m\u00e9s\u00a0important que les\u00a0lleng\u00fces. Una\u00a0cosa tenim molt clara els ciutadans,\u00a0moltes vegades els que guanyen les eleccions no governen,\u00a0pels motius que siguin i els que governen desvien els problemes per a no afrontar els\u00a0reals. Estats\u00a0units \u00e9s el pa\u00eds de r\u00e8gim democr\u00e0tic des de fa\u00a0219\u00a0anys,\u00a0li segueix Su\u00efssa\u00a0171\u00a0anys i Nova Zelanda\u00a0162\u00a0anys. Si\u00a0realment la democr\u00e0cia \u00e9s el cam\u00ed a\u00a0seguir. Crec\u00a0que la democr\u00e0cia i els partits pol\u00edtics durant tants anys no han estat capa\u00e7os d&#8217;acabar amb l&#8217;atur,\u00a0la fam i la\u00a0pobresa. Crec\u00a0que \u00e9s necessari canviar el que fins ara entenem per democr\u00e0cia i votar als partits que es comprometin a portar a davant un o dos temes i no es parli de tot i no es faci de res.<\/p>\n\n\n\n<p><span style=\"background-color:#010d12\" class=\"td_text_highlight_marker\">Josep Meg\u00edas<\/span><\/p>\n","protected":false},"excerpt":{"rendered":"<p>Volia comentar sobre el problema de les lleng\u00fces a Espanya, som\u00a0un pa\u00eds molt ric en lleng\u00fces i crec que s&#8217;han de respectar i\u00a0fomentar. El\u00a0que si tinc clar \u00e9s que no s&#8217;han d&#8217;obligar a\u00a0aprendre, ja que\u00a0al final no s&#8217;aconsegu\u00eds\u00a0res. La\u00a0meva fam\u00edlia per part mare nom\u00e9s parlaven catal\u00e0 i la meva fam\u00edlia per part de pare nom\u00e9s [&hellip;]<\/p>\n","protected":false},"author":2,"featured_media":4553,"comment_status":"open","ping_status":"open","sticky":false,"template":"","format":"standard","meta":{"footnotes":""},"categories":[139],"tags":[],"class_list":{"0":"post-4552","1":"post","2":"type-post","3":"status-publish","4":"format-standard","5":"has-post-thumbnail","7":"category-opinio"},"_links":{"self":[{"href":"https:\/\/www.areabesos.com\/diario\/wp-json\/wp\/v2\/posts\/4552","targetHints":{"allow":["GET"]}}],"collection":[{"href":"https:\/\/www.areabesos.com\/diario\/wp-json\/wp\/v2\/posts"}],"about":[{"href":"https:\/\/www.areabesos.com\/diario\/wp-json\/wp\/v2\/types\/post"}],"author":[{"embeddable":true,"href":"https:\/\/www.areabesos.com\/diario\/wp-json\/wp\/v2\/users\/2"}],"replies":[{"embeddable":true,"href":"https:\/\/www.areabesos.com\/diario\/wp-json\/wp\/v2\/comments?post=4552"}],"version-history":[{"count":1,"href":"https:\/\/www.areabesos.com\/diario\/wp-json\/wp\/v2\/posts\/4552\/revisions"}],"predecessor-version":[{"id":4554,"href":"https:\/\/www.areabesos.com\/diario\/wp-json\/wp\/v2\/posts\/4552\/revisions\/4554"}],"wp:featuredmedia":[{"embeddable":true,"href":"https:\/\/www.areabesos.com\/diario\/wp-json\/wp\/v2\/media\/4553"}],"wp:attachment":[{"href":"https:\/\/www.areabesos.com\/diario\/wp-json\/wp\/v2\/media?parent=4552"}],"wp:term":[{"taxonomy":"category","embeddable":true,"href":"https:\/\/www.areabesos.com\/diario\/wp-json\/wp\/v2\/categories?post=4552"},{"taxonomy":"post_tag","embeddable":true,"href":"https:\/\/www.areabesos.com\/diario\/wp-json\/wp\/v2\/tags?post=4552"}],"curies":[{"name":"wp","href":"https:\/\/api.w.org\/{rel}","templated":true}]}}