{"id":4542,"date":"2021-12-16T12:48:37","date_gmt":"2021-12-16T11:48:37","guid":{"rendered":"http:\/\/www.areabesos.com\/diario\/?p=4542"},"modified":"2021-12-16T12:48:38","modified_gmt":"2021-12-16T11:48:38","slug":"la-ciutadania-decidira-el-nom-de-lantic-ajuntament-rehabilitat","status":"publish","type":"post","link":"https:\/\/www.areabesos.com\/diario\/la-ciutadania-decidira-el-nom-de-lantic-ajuntament-rehabilitat\/","title":{"rendered":"La ciutadania decidir\u00e0 el nom de l\u2019antic Ajuntament rehabilitat"},"content":{"rendered":"\n<p>Fins el proper 14 de gener, la ciutadania de Sant Adri\u00e0 vot votar el nom del nou equipament del municipi: l\u2019antic Ajuntament. El que es considera el primer ajuntament de la ciutat, o al menys el lloc on es reunien l\u2019alcalde i els regidors, i que va acollir tamb\u00e9 la primera escola ha estat rehabilitat i espera l\u2019opini\u00f3 dels adrianencs i adrianenques per tenir un nom.<br>El que els darrers anys ha estat seu d\u2019un ambulatori, del casal de la dona i seu de diverses associacions, es dir\u00e0 Casal Antic, Casal Casc Antic, Casal de Dalt, Casal Dalt de la Vila o Casa de Dalt. Aquestes s\u00f3n les opcions que ha presentat el consistori a la seva plataforma de participaci\u00f3 ciutadana <a href=\"https:\/\/participa311-santadria.diba.cat\/processes\">\u201cDecidim Sant Adri\u00e0\u201d<\/a>, a la que es pot accedir a trav\u00e9s del web municipal, www.sant-adria-net.<br>Per si la votaci\u00f3 per internet no arriba a tothom, tamb\u00e9 s\u2019ha habilitat un espai per votar tots els dies h\u00e0bils que l\u2019enquesta estigui activa, de 10 a 14 hores, al Centre de Producci\u00f3 Cultural i Juvenil Polidor.<br>Durant aquest any, s\u2019han finalitzat les dues fases de restauraci\u00f3 i reforma de l\u2019edifici recuperant i respectant al m\u00e0xim la seva fesomia com a primer Ajuntament tornant a situar la inscripci\u00f3 \u00abCasa Consistorial\u00bb a la fa\u00e7ana i recuperant (reproduint) el balc\u00f3 inicial. L\u2019espai interior disposa de tres sales polivalents per a \u00fas cultural i on es centraran tamb\u00e9 les activitats que el consistori desenvolupa des del servei de Solidaritat i Cooperaci\u00f3.<\/p>\n","protected":false},"excerpt":{"rendered":"<p>Fins el proper 14 de gener, la ciutadania de Sant Adri\u00e0 vot votar el nom del nou equipament del municipi: l\u2019antic Ajuntament. El que es considera el primer ajuntament de la ciutat, o al menys el lloc on es reunien l\u2019alcalde i els regidors, i que va acollir tamb\u00e9 la primera escola ha estat rehabilitat [&hellip;]<\/p>\n","protected":false},"author":1,"featured_media":4543,"comment_status":"open","ping_status":"open","sticky":false,"template":"","format":"standard","meta":{"footnotes":""},"categories":[134,135],"tags":[],"class_list":{"0":"post-4542","1":"post","2":"type-post","3":"status-publish","4":"format-standard","5":"has-post-thumbnail","7":"category-actualitat","8":"category-societat"},"_links":{"self":[{"href":"https:\/\/www.areabesos.com\/diario\/wp-json\/wp\/v2\/posts\/4542","targetHints":{"allow":["GET"]}}],"collection":[{"href":"https:\/\/www.areabesos.com\/diario\/wp-json\/wp\/v2\/posts"}],"about":[{"href":"https:\/\/www.areabesos.com\/diario\/wp-json\/wp\/v2\/types\/post"}],"author":[{"embeddable":true,"href":"https:\/\/www.areabesos.com\/diario\/wp-json\/wp\/v2\/users\/1"}],"replies":[{"embeddable":true,"href":"https:\/\/www.areabesos.com\/diario\/wp-json\/wp\/v2\/comments?post=4542"}],"version-history":[{"count":1,"href":"https:\/\/www.areabesos.com\/diario\/wp-json\/wp\/v2\/posts\/4542\/revisions"}],"predecessor-version":[{"id":4544,"href":"https:\/\/www.areabesos.com\/diario\/wp-json\/wp\/v2\/posts\/4542\/revisions\/4544"}],"wp:featuredmedia":[{"embeddable":true,"href":"https:\/\/www.areabesos.com\/diario\/wp-json\/wp\/v2\/media\/4543"}],"wp:attachment":[{"href":"https:\/\/www.areabesos.com\/diario\/wp-json\/wp\/v2\/media?parent=4542"}],"wp:term":[{"taxonomy":"category","embeddable":true,"href":"https:\/\/www.areabesos.com\/diario\/wp-json\/wp\/v2\/categories?post=4542"},{"taxonomy":"post_tag","embeddable":true,"href":"https:\/\/www.areabesos.com\/diario\/wp-json\/wp\/v2\/tags?post=4542"}],"curies":[{"name":"wp","href":"https:\/\/api.w.org\/{rel}","templated":true}]}}