{"id":4539,"date":"2021-12-16T10:42:58","date_gmt":"2021-12-16T09:42:58","guid":{"rendered":"http:\/\/www.areabesos.com\/diario\/?p=4539"},"modified":"2021-12-16T10:42:59","modified_gmt":"2021-12-16T09:42:59","slug":"isabel-diaz-ayuso-nos-ensena-la-espana-que-sufrimos","status":"publish","type":"post","link":"https:\/\/www.areabesos.com\/diario\/isabel-diaz-ayuso-nos-ensena-la-espana-que-sufrimos\/","title":{"rendered":"Isabel D\u00edaz Ayuso nos ense\u00f1a la Espa\u00f1a que sufrimos"},"content":{"rendered":"\n<p>A trav\u00e9s de sus segundos, Pablo Casado exigi\u00f3 a Isabel D\u00edaz Ayuso que suspendiera las cenas de Navidad del PP en Madrid porque la sexta ola est\u00e1 \u00abprovocando 100 muertos al d\u00eda\u00bb y ella, como \u00abmilitante disciplinada\u00bb que ha dicho que es, ha aceptado y no tendr\u00e1n lugar esas cenas.<\/p>\n\n\n\n<p>De estos hechos, as\u00ed resumidos, se deducen las siguientes conclusiones:<\/p>\n\n\n\n<p>Primera. Que Ayuso s\u00ed acepta las normas contra la pandemia que dicta la direcci\u00f3n del partido al que pertenece, pero no las del Gobierno del pa\u00eds al que tambi\u00e9n pertenece, tal como demuestran las decisiones contrarias a la protecci\u00f3n de la salud que ha ido tomando en la C.A. de Madrid, casi desde que comenz\u00f3 el COVID. Esas decisiones, unilaterales y contrarias a las establecidas por el Ministerio de Sanidad, convirtieron a Madrid en la regi\u00f3n europea con mayor exceso de mortalidad el a\u00f1o 2020, seg\u00fan inform\u00f3 Europa Press el d\u00eda 12 de octubre de 2021 al hacerse eco de los resultados del Bar\u00f3metro Anual publicado por el Comit\u00e9 de las Regiones, un organismo perteneciente a la Uni\u00f3n Europea. En 2022 se conocer\u00e1n los excesos de mortalidad producidos en 2021.<\/p>\n\n\n\n<p>Segunda. Que para Ayuso tiene mucho m\u00e1s valor la salud de unos miles de afiliados del PP de Madrid que la de millones de personas que tambi\u00e9n viven en la Comunidad de Madrid, pero que pueden votar a otros partidos pol\u00edticos, pues para proteger a los suyos est\u00e1 dispuesta a adoptar medidas mucho m\u00e1s rigurosas que para proteger la salud de los madrile\u00f1os en general.<\/p>\n\n\n\n<p>Tercera. Que Pablo Casado, el mismo que tanto critica a Pedro S\u00e1nchez, ha sido y sigue siendo incapaz de obligar a la presidenta de la C. A. de Madrid a que proteja por igual a todos los madrile\u00f1os, y a estos igual que al resto de los espa\u00f1oles. Hace mucho tiempo que se conocen las fatales consecuencias de las decisiones adoptadas por Ayuso y, en cambio, ni siquiera ha ordenado iniciar contra ella un simple expediente disciplinario en el partido, pues en otras CC.AA. donde tambi\u00e9n gobierna el PP s\u00ed se han respetado unas decisiones contra la pandemia aprobadas por el Gobierno central que, por cierto, eran siempre debatidas en las reuniones virtuales del presidente S\u00e1nchez con los presidentes de las CC.AA.<\/p>\n\n\n\n<p>Y cuarta. Ha quedado demostrado que a los poderes del Estado, y para mal, le importan mucho menos las vidas de los madrile\u00f1os que el ejercicio de las libertades pol\u00edticas de los catalanes, pues, especialmente el Ejecutivo y el Judicial, se han empleado con mucha m\u00e1s intensidad a la hora de intervenir, incluso invadiendo competencias, en Catalunya que en Madrid, a pesar de que, a diferencia de Ayuso, ning\u00fan presidente de la Generalitat puso jam\u00e1s en peligro la salud ni la vida de los catalanes con sus decisiones orientadas al ejercicio del derecho a decidir el futuro de Catalunya en relaci\u00f3n con Espa\u00f1a. En este momento, Pablo Casado vuelve a exigir la aplicaci\u00f3n del mismo art\u00edculo 155 con el que Pedro S\u00e1nchez, entonces en la oposici\u00f3n, estuvo de acuerdo en 2017.<\/p>\n\n\n\n<p>Que el episodio de las cenas del PP suspendidas en Madrid sea un rifirrafe m\u00e1s de los relacionados con la batalla por el poder que mantienen Ayuso y Casado es algo que no quita ni un \u00e1pice a la gravedad de unas decisiones pol\u00edticas que afectan a la libertad principal, la de seguir viviendo, y que, comparadas unas con otras, y por muy odiosas que nos parezcan, sirven perfectamente para conocer la realidad de la Espa\u00f1a que sufrimos.<\/p>\n\n\n\n<p><span style=\"background-color:#000609\" class=\"td_text_highlight_marker\">Domingo Sanz<\/span><\/p>\n","protected":false},"excerpt":{"rendered":"<p>A trav\u00e9s de sus segundos, Pablo Casado exigi\u00f3 a Isabel D\u00edaz Ayuso que suspendiera las cenas de Navidad del PP en Madrid porque la sexta ola est\u00e1 \u00abprovocando 100 muertos al d\u00eda\u00bb y ella, como \u00abmilitante disciplinada\u00bb que ha dicho que es, ha aceptado y no tendr\u00e1n lugar esas cenas. De estos hechos, as\u00ed resumidos, [&hellip;]<\/p>\n","protected":false},"author":2,"featured_media":4540,"comment_status":"open","ping_status":"open","sticky":false,"template":"","format":"standard","meta":{"footnotes":""},"categories":[139],"tags":[],"class_list":{"0":"post-4539","1":"post","2":"type-post","3":"status-publish","4":"format-standard","5":"has-post-thumbnail","7":"category-opinio"},"_links":{"self":[{"href":"https:\/\/www.areabesos.com\/diario\/wp-json\/wp\/v2\/posts\/4539","targetHints":{"allow":["GET"]}}],"collection":[{"href":"https:\/\/www.areabesos.com\/diario\/wp-json\/wp\/v2\/posts"}],"about":[{"href":"https:\/\/www.areabesos.com\/diario\/wp-json\/wp\/v2\/types\/post"}],"author":[{"embeddable":true,"href":"https:\/\/www.areabesos.com\/diario\/wp-json\/wp\/v2\/users\/2"}],"replies":[{"embeddable":true,"href":"https:\/\/www.areabesos.com\/diario\/wp-json\/wp\/v2\/comments?post=4539"}],"version-history":[{"count":1,"href":"https:\/\/www.areabesos.com\/diario\/wp-json\/wp\/v2\/posts\/4539\/revisions"}],"predecessor-version":[{"id":4541,"href":"https:\/\/www.areabesos.com\/diario\/wp-json\/wp\/v2\/posts\/4539\/revisions\/4541"}],"wp:featuredmedia":[{"embeddable":true,"href":"https:\/\/www.areabesos.com\/diario\/wp-json\/wp\/v2\/media\/4540"}],"wp:attachment":[{"href":"https:\/\/www.areabesos.com\/diario\/wp-json\/wp\/v2\/media?parent=4539"}],"wp:term":[{"taxonomy":"category","embeddable":true,"href":"https:\/\/www.areabesos.com\/diario\/wp-json\/wp\/v2\/categories?post=4539"},{"taxonomy":"post_tag","embeddable":true,"href":"https:\/\/www.areabesos.com\/diario\/wp-json\/wp\/v2\/tags?post=4539"}],"curies":[{"name":"wp","href":"https:\/\/api.w.org\/{rel}","templated":true}]}}