{"id":4536,"date":"2021-12-14T14:00:53","date_gmt":"2021-12-14T13:00:53","guid":{"rendered":"http:\/\/www.areabesos.com\/diario\/?p=4536"},"modified":"2021-12-14T14:00:54","modified_gmt":"2021-12-14T13:00:54","slug":"tarda-de-teatre-solidari-per-la-marato-de-tv3","status":"publish","type":"post","link":"https:\/\/www.areabesos.com\/diario\/tarda-de-teatre-solidari-per-la-marato-de-tv3\/","title":{"rendered":"Tarda de teatre solidari per la Marat\u00f3 de TV3"},"content":{"rendered":"\n<p>El proper dissabte, 18 de gener, la sala d&#8217;actes de l&#8217;Ateneu Adrianenc acollir\u00e0 una tarda de teatre solidari amb l&#8217;objectiu de recaptar diners per la Marat\u00f3 de TV3, que enguany est\u00e0 dedicada a la salut mental. <\/p>\n\n\n\n<p>A l&#8217;acte es representaran el mon\u00f2leg \u00abLa comunicaci\u00f3\u00bb i l&#8217;obra en un acte \u00abAg\u00e8ncia de la propietat immobili\u00e0ria\u00bb. Les dues obres estan escrites i dirigides per Ferran Bartolom\u00e9 i interpretades per Mery, Sandra i Ferran.El donatiu m\u00ednim per poder gaudir de la tarda de teatre solidari \u00e9s de 5 euros. <\/p>\n\n\n\n<p>L&#8217;activitat est\u00e0 organitzada per Unesco Sant Adri\u00e0 i l&#8217;Ateneu Adrianenc. Les entrades s\u00f3n numerades i l&#8217;aforament \u00e9s limitat. La venda anticipada d&#8217;entrades ser\u00e0 els dilluns i els dimarts de 17 a 18 hores a les oficines de l&#8217;Ateneu.<\/p>\n","protected":false},"excerpt":{"rendered":"<p>El proper dissabte, 18 de gener, la sala d&#8217;actes de l&#8217;Ateneu Adrianenc acollir\u00e0 una tarda de teatre solidari amb l&#8217;objectiu de recaptar diners per la Marat\u00f3 de TV3, que enguany est\u00e0 dedicada a la salut mental. A l&#8217;acte es representaran el mon\u00f2leg \u00abLa comunicaci\u00f3\u00bb i l&#8217;obra en un acte \u00abAg\u00e8ncia de la propietat immobili\u00e0ria\u00bb. Les [&hellip;]<\/p>\n","protected":false},"author":1,"featured_media":4537,"comment_status":"open","ping_status":"open","sticky":false,"template":"","format":"standard","meta":{"footnotes":""},"categories":[136],"tags":[],"class_list":{"0":"post-4536","1":"post","2":"type-post","3":"status-publish","4":"format-standard","5":"has-post-thumbnail","7":"category-cultura"},"_links":{"self":[{"href":"https:\/\/www.areabesos.com\/diario\/wp-json\/wp\/v2\/posts\/4536","targetHints":{"allow":["GET"]}}],"collection":[{"href":"https:\/\/www.areabesos.com\/diario\/wp-json\/wp\/v2\/posts"}],"about":[{"href":"https:\/\/www.areabesos.com\/diario\/wp-json\/wp\/v2\/types\/post"}],"author":[{"embeddable":true,"href":"https:\/\/www.areabesos.com\/diario\/wp-json\/wp\/v2\/users\/1"}],"replies":[{"embeddable":true,"href":"https:\/\/www.areabesos.com\/diario\/wp-json\/wp\/v2\/comments?post=4536"}],"version-history":[{"count":1,"href":"https:\/\/www.areabesos.com\/diario\/wp-json\/wp\/v2\/posts\/4536\/revisions"}],"predecessor-version":[{"id":4538,"href":"https:\/\/www.areabesos.com\/diario\/wp-json\/wp\/v2\/posts\/4536\/revisions\/4538"}],"wp:featuredmedia":[{"embeddable":true,"href":"https:\/\/www.areabesos.com\/diario\/wp-json\/wp\/v2\/media\/4537"}],"wp:attachment":[{"href":"https:\/\/www.areabesos.com\/diario\/wp-json\/wp\/v2\/media?parent=4536"}],"wp:term":[{"taxonomy":"category","embeddable":true,"href":"https:\/\/www.areabesos.com\/diario\/wp-json\/wp\/v2\/categories?post=4536"},{"taxonomy":"post_tag","embeddable":true,"href":"https:\/\/www.areabesos.com\/diario\/wp-json\/wp\/v2\/tags?post=4536"}],"curies":[{"name":"wp","href":"https:\/\/api.w.org\/{rel}","templated":true}]}}