{"id":4533,"date":"2021-12-14T12:05:57","date_gmt":"2021-12-14T11:05:57","guid":{"rendered":"http:\/\/www.areabesos.com\/diario\/?p=4533"},"modified":"2021-12-14T12:05:58","modified_gmt":"2021-12-14T11:05:58","slug":"la-lludriga-es-reprodueix-a-la-baixa-tordera-despres-de-mes-de-quaranta-anys","status":"publish","type":"post","link":"https:\/\/www.areabesos.com\/diario\/la-lludriga-es-reprodueix-a-la-baixa-tordera-despres-de-mes-de-quaranta-anys\/","title":{"rendered":"La ll\u00fadriga es reprodueix a la baixa Tordera despr\u00e9s de m\u00e9s de quaranta  anys"},"content":{"rendered":"\n<p>La ll\u00fadriga s\u2019ha reprodu\u00eft a la baixa Tordera per primer cop despr\u00e9s de m\u00e9s de quatre d\u00e8cades. Aix\u00ed ho testifiquen les imatges enregistrades amb les c\u00e0meres de fotoparany en el context del <strong>\u201cProjecte de seguiment i estudi de la ll\u00fadriga a les conques del Bes\u00f2s i de la Tordera\u201d<\/strong>, que estan duent a terme l\u2019<strong>Observatori RIVUS<\/strong>, dins la <strong>Fundaci\u00f3 RIVUS<\/strong>, i la <strong>Fundaci\u00f3 Barcelona Zoo<\/strong>. <em>\u201cLa reproducci\u00f3 de l\u2019esp\u00e8cie denota la pres\u00e8ncia de trams de riu d\u2019alt valor ecol\u00f2gic, amb h\u00e0bitat de qualitat i suficient tranquil\u00b7litat, que caldria eixamplar i preservar\u201d<\/em>, explica <strong>Arnau Tolr\u00e0<\/strong>, ec\u00f2leg i investigador responsable de l\u2019estudi.<\/p>\n\n\n\n<p>Les imatges captades al llarg d\u2019aquest any mostren, en ordre d\u2019aparici\u00f3, el probable mascle reproductor, la femella amb les cries d\u2019uns sis mesos d\u2019edat i la femella amb les cries d\u2019uns vuit mesos d\u2019edat. Les dues cries van n\u00e9ixer a principis d\u2019hivern de 2021 i, despr\u00e9s de passar aproximadament deu mesos seguint i aprenent de la mare, s\u2019han dispersat durant la tardor de 2021. <\/p>\n\n\n\n<figure class=\"wp-block-embed is-type-video is-provider-youtube wp-block-embed-youtube wp-embed-aspect-16-9 wp-has-aspect-ratio\"><div class=\"wp-block-embed__wrapper\">\n<div class=\"youtube-embed\" data-video_id=\"SoDGs_se4cM\"><iframe loading=\"lazy\" title=\"La reproducci\u00f3 de la ll\u00fadriga a la baixa Tordera\" width=\"696\" height=\"392\" src=\"https:\/\/www.youtube.com\/embed\/SoDGs_se4cM?feature=oembed&#038;enablejsapi=1\" frameborder=\"0\" allow=\"accelerometer; autoplay; clipboard-write; encrypted-media; gyroscope; picture-in-picture\" allowfullscreen><\/iframe><\/div>\n<\/div><\/figure>\n\n\n\n<p>Gr\u00e0cies a aquest projecte d\u2019estudi i de seguiment, l\u2019any 2019 es va documentar el primer cas de reproducci\u00f3 de l\u2019esp\u00e8cie a la Tordera despr\u00e9s de la seva desaparici\u00f3 al segle passat. <em>\u201cA partir de llavors, ha criat peri\u00f2dicament en alguns sectors favorables del riu, per\u00f2 encara no ho havia fet al seu tram baix, que fins ara actuava com a \u00e0rea de dispersi\u00f3 i hivernada d\u2019individus provinents d\u2019aig\u00fces amunt\u201d<\/em>, puntualitza Tolr\u00e0. &nbsp;<\/p>\n\n\n\n<p>L\u2019incipient restabliment de la ll\u00fadriga a la Tordera ha estat possible gr\u00e0cies a la millora de la qualitat de l\u2019aigua, que ha perm\u00e8s la recuperaci\u00f3 de les seves preses, i a la seva protecci\u00f3 legal, despr\u00e9s d\u2019haver estat perseguida en el passat. No obstant aix\u00f2, la petita poblaci\u00f3 que habita aquest riu \u00e9s localitzada i segueix sent molt vulnerable a algunes amenaces que no mostren signes de millora, com la simplificaci\u00f3 de l\u2019h\u00e0bitat, i que podrien comprometre la seva conservaci\u00f3 en el futur.<\/p>\n\n\n\n<p>L\u2019objectiu principal d\u2019aquest estudi -que compta tamb\u00e9 amb el suport del <strong>Consorci Bes\u00f2s Tordera <\/strong>i l\u2019<strong>ICTA-UAB<\/strong> i amb el patrocini de <strong>Grifols<\/strong> i <strong>Freudenberg<\/strong>&#8211; \u00e9s determinar quins s\u00f3n els requeriments de la ll\u00fadriga en entorns humanitzats i propulsar accions de conservaci\u00f3 i restauraci\u00f3 fluvial que assegurin l\u2019\u00f2ptima recuperaci\u00f3 de l\u2019esp\u00e8cie i la seva comunitat. La ll\u00fadriga \u00e9s una esp\u00e8cie paraig\u00fces dels ecosistemes fluvials i, per tant, les mesures per a la seva conservaci\u00f3 afavoreixen el conjunt de la biodiversitat d\u2019aquests ambients.<\/p>\n\n\n\n<p>Els treballs combinen el seguiment de les seves poblacions i diferents l\u00ednies de recerca per tal de comprendre les relacions entre la ll\u00fadriga i el seu medi. Una de les darreres ha estat l\u2019avaluaci\u00f3 dels factors que condicionen la superviv\u00e8ncia de l\u2019esp\u00e8cie davant d\u2019episodis d\u2019estr\u00e8s h\u00eddric i manca d\u2019aigua, establint relacions entre ll\u00fadriga, comunitats de peixos, intensitat de l\u2019estiatge i h\u00e0bitat fluvial.<\/p>\n\n\n\n<p>La poblaci\u00f3 actual se situa en m\u00ednim 10 ll\u00fadrigues a la conca del Bes\u00f2s, on actualment hi ha una femella reproductora, i en aproximadament 20 a la conca de la Tordera, on actualment hi ha tres femelles reproductores. Recordem que fa nom\u00e9s tres anys, a la Tordera, i dos anys, al Bes\u00f2s, que es va assolir la fita m\u00e9s esperada: les ll\u00fadrigues es van reproduir per primera vegada despr\u00e9s de la seva extinci\u00f3 local a finals del segle passat.<\/p>\n","protected":false},"excerpt":{"rendered":"<p>La ll\u00fadriga s\u2019ha reprodu\u00eft a la baixa Tordera per primer cop despr\u00e9s de m\u00e9s de quatre d\u00e8cades. Aix\u00ed ho testifiquen les imatges enregistrades amb les c\u00e0meres de fotoparany en el context del \u201cProjecte de seguiment i estudi de la ll\u00fadriga a les conques del Bes\u00f2s i de la Tordera\u201d, que estan duent a terme l\u2019Observatori [&hellip;]<\/p>\n","protected":false},"author":2,"featured_media":4534,"comment_status":"open","ping_status":"open","sticky":false,"template":"","format":"standard","meta":{"footnotes":""},"categories":[134,135],"tags":[],"class_list":{"0":"post-4533","1":"post","2":"type-post","3":"status-publish","4":"format-standard","5":"has-post-thumbnail","7":"category-actualitat","8":"category-societat"},"_links":{"self":[{"href":"https:\/\/www.areabesos.com\/diario\/wp-json\/wp\/v2\/posts\/4533","targetHints":{"allow":["GET"]}}],"collection":[{"href":"https:\/\/www.areabesos.com\/diario\/wp-json\/wp\/v2\/posts"}],"about":[{"href":"https:\/\/www.areabesos.com\/diario\/wp-json\/wp\/v2\/types\/post"}],"author":[{"embeddable":true,"href":"https:\/\/www.areabesos.com\/diario\/wp-json\/wp\/v2\/users\/2"}],"replies":[{"embeddable":true,"href":"https:\/\/www.areabesos.com\/diario\/wp-json\/wp\/v2\/comments?post=4533"}],"version-history":[{"count":1,"href":"https:\/\/www.areabesos.com\/diario\/wp-json\/wp\/v2\/posts\/4533\/revisions"}],"predecessor-version":[{"id":4535,"href":"https:\/\/www.areabesos.com\/diario\/wp-json\/wp\/v2\/posts\/4533\/revisions\/4535"}],"wp:featuredmedia":[{"embeddable":true,"href":"https:\/\/www.areabesos.com\/diario\/wp-json\/wp\/v2\/media\/4534"}],"wp:attachment":[{"href":"https:\/\/www.areabesos.com\/diario\/wp-json\/wp\/v2\/media?parent=4533"}],"wp:term":[{"taxonomy":"category","embeddable":true,"href":"https:\/\/www.areabesos.com\/diario\/wp-json\/wp\/v2\/categories?post=4533"},{"taxonomy":"post_tag","embeddable":true,"href":"https:\/\/www.areabesos.com\/diario\/wp-json\/wp\/v2\/tags?post=4533"}],"curies":[{"name":"wp","href":"https:\/\/api.w.org\/{rel}","templated":true}]}}