{"id":4526,"date":"2021-12-13T13:40:26","date_gmt":"2021-12-13T12:40:26","guid":{"rendered":"http:\/\/www.areabesos.com\/diario\/?p=4526"},"modified":"2021-12-13T13:40:52","modified_gmt":"2021-12-13T12:40:52","slug":"erc-sant-adria-propugna-un-debat-sobre-republicanisme-per-apropar-la-tradicio-politica-a-la-ciutadania","status":"publish","type":"post","link":"https:\/\/www.areabesos.com\/diario\/erc-sant-adria-propugna-un-debat-sobre-republicanisme-per-apropar-la-tradicio-politica-a-la-ciutadania\/","title":{"rendered":"ERC Sant Adri\u00e0 propugna un debat sobre republicanisme per apropar la tradici\u00f3 pol\u00edtica a la ciutadania"},"content":{"rendered":"\n<p>El passat dijous 9 de desembre, ERC Sant Adri\u00e0 va realitzar la segona tarda republicana al Centre Republic\u00e0 Adrianenc, amb una xerrada-debat sobre el republicanisme.<\/p>\n\n\n\n<p>L\u2019acte va consistir en un din\u00e0mic di\u00e0leg, dirigit pel regidor Antoni V\u00e8lez i amb la pres\u00e8ncia i participaci\u00f3 del director acad\u00e8mic de la Fundaci\u00f3 Josep Irla, Llu\u00eds P\u00e9rez Lozano. Tots dos van parlar sobre la definici\u00f3 del republicanisme, la concepci\u00f3 de la llibertat segons el punt de vista republic\u00e0 i la visi\u00f3 de la monarquia, entre d\u2019altres.<\/p>\n\n\n\n<p>\u201c<em>Com la majoria de conceptes pol\u00edtics, no hi ha una definici\u00f3 \u00fanica i compartida per tothom sobre qu\u00e8 \u00e9s el republicanisme, per\u00f2 va m\u00e9s enll\u00e0 de la simple abs\u00e8ncia d\u2019un rei absolut. La concepci\u00f3 republicana de la llibertat parteix de la base de mirar-nos d\u2019igual a igual, i \u00e9s que exercim poder sobre els altres a l\u2019hora que els altres exerceixen sobre nosaltres. Els tres pilars fonamentals pel republicanisme s\u00f3n la independ\u00e8ncia econ\u00f2mica, l\u2019autogovern i la virtut c\u00edvica, \u00e9s a dir, la capacitat de combinar la llibertat individual anb l\u2019inter\u00e9s i el b\u00e9 de la comunitat.\u201d<\/em><\/p>\n\n\n\n<p>La xerrada va comptar amb preguntes molt interessants, com per exemple sobre qu\u00e8 era m\u00e9s eficient i m\u00e9s estable, una rep\u00fablica o una monarquia. \u201c<em>A curt termini, segons la concepci\u00f3 cl\u00e0ssica de monarquia\/rep\u00fablica, pot semblar que aquesta primera \u00e9s m\u00e9s eficient, ja que les decisions es prenien m\u00e9s r\u00e0pidament pel fet que nom\u00e9s passaven per les mans del monarca, en contraposici\u00f3 d\u2019una rep\u00fablica on els poders estan m\u00e9s dispersos. Per\u00f2 a la llarga, les monarquies tenen problemes per a detectar els seus errors i febleses, perqu\u00e8 ning\u00fa s\u2019atreveix a dir-les\u201d.<\/em><\/p>\n\n\n\n<p>L\u2019acte es va realitzar en format mixt semipresencial, sent retransm\u00e8s en rigor\u00f3s directe per la p\u00e0gina de Facebook d\u2019ERC Sant Adri\u00e0 Un cop finalitzat l\u2019acte, aquest va quedar enregistrat i penjat a la p\u00e0gina web, quedant a disposici\u00f3 de totes aquelles persones interessades que no van poder seguir-lo en el moment.<\/p>\n","protected":false},"excerpt":{"rendered":"<p>El passat dijous 9 de desembre, ERC Sant Adri\u00e0 va realitzar la segona tarda republicana al Centre Republic\u00e0 Adrianenc, amb una xerrada-debat sobre el republicanisme. L\u2019acte va consistir en un din\u00e0mic di\u00e0leg, dirigit pel regidor Antoni V\u00e8lez i amb la pres\u00e8ncia i participaci\u00f3 del director acad\u00e8mic de la Fundaci\u00f3 Josep Irla, Llu\u00eds P\u00e9rez Lozano. Tots [&hellip;]<\/p>\n","protected":false},"author":2,"featured_media":4527,"comment_status":"open","ping_status":"open","sticky":false,"template":"","format":"standard","meta":{"footnotes":""},"categories":[134],"tags":[],"class_list":{"0":"post-4526","1":"post","2":"type-post","3":"status-publish","4":"format-standard","5":"has-post-thumbnail","7":"category-actualitat"},"_links":{"self":[{"href":"https:\/\/www.areabesos.com\/diario\/wp-json\/wp\/v2\/posts\/4526","targetHints":{"allow":["GET"]}}],"collection":[{"href":"https:\/\/www.areabesos.com\/diario\/wp-json\/wp\/v2\/posts"}],"about":[{"href":"https:\/\/www.areabesos.com\/diario\/wp-json\/wp\/v2\/types\/post"}],"author":[{"embeddable":true,"href":"https:\/\/www.areabesos.com\/diario\/wp-json\/wp\/v2\/users\/2"}],"replies":[{"embeddable":true,"href":"https:\/\/www.areabesos.com\/diario\/wp-json\/wp\/v2\/comments?post=4526"}],"version-history":[{"count":1,"href":"https:\/\/www.areabesos.com\/diario\/wp-json\/wp\/v2\/posts\/4526\/revisions"}],"predecessor-version":[{"id":4528,"href":"https:\/\/www.areabesos.com\/diario\/wp-json\/wp\/v2\/posts\/4526\/revisions\/4528"}],"wp:featuredmedia":[{"embeddable":true,"href":"https:\/\/www.areabesos.com\/diario\/wp-json\/wp\/v2\/media\/4527"}],"wp:attachment":[{"href":"https:\/\/www.areabesos.com\/diario\/wp-json\/wp\/v2\/media?parent=4526"}],"wp:term":[{"taxonomy":"category","embeddable":true,"href":"https:\/\/www.areabesos.com\/diario\/wp-json\/wp\/v2\/categories?post=4526"},{"taxonomy":"post_tag","embeddable":true,"href":"https:\/\/www.areabesos.com\/diario\/wp-json\/wp\/v2\/tags?post=4526"}],"curies":[{"name":"wp","href":"https:\/\/api.w.org\/{rel}","templated":true}]}}