{"id":4523,"date":"2021-12-10T13:33:36","date_gmt":"2021-12-10T12:33:36","guid":{"rendered":"http:\/\/www.areabesos.com\/diario\/?p=4523"},"modified":"2021-12-10T13:33:37","modified_gmt":"2021-12-10T12:33:37","slug":"venda-de-calcat-solidari-amb-la-marato-de-tv3","status":"publish","type":"post","link":"https:\/\/www.areabesos.com\/diario\/venda-de-calcat-solidari-amb-la-marato-de-tv3\/","title":{"rendered":"Venda de cal\u00e7at solidari amb la Marat\u00f3 de TV3"},"content":{"rendered":"\n<p>El proper 14 de desembre de 10 a 13.30h del mat\u00ed, davant del mercat municipal de Sant Adri\u00e0 de Bes\u00f2s, s&#8217;instal\u00b7lar\u00e0 una paradeta de venta de cal\u00e7at solidari.<\/p>\n\n\n\n<p>Aquesta activitat, organitzada per Salut Mental Barcelon\u00e8s Nord Associaci\u00f3 i el Centre Emili Mira del Parc Salut Mar, t\u00e9 per objectiu recaptar diners per la Marat\u00f3 de TV3 que enguany est\u00e0 dedicada a la salut mental, amb la venta de cal\u00e7at nou que han rebut d\u2019una donaci\u00f3. El 100% de la recaptaci\u00f3 anir\u00e0 destinada a la Marat\u00f3 i les persones que gestionaran la venta s\u00f3n participants dels serveis que ho organitzen.<\/p>\n","protected":false},"excerpt":{"rendered":"<p>El proper 14 de desembre de 10 a 13.30h del mat\u00ed, davant del mercat municipal de Sant Adri\u00e0 de Bes\u00f2s, s&#8217;instal\u00b7lar\u00e0 una paradeta de venta de cal\u00e7at solidari. Aquesta activitat, organitzada per Salut Mental Barcelon\u00e8s Nord Associaci\u00f3 i el Centre Emili Mira del Parc Salut Mar, t\u00e9 per objectiu recaptar diners per la Marat\u00f3 de [&hellip;]<\/p>\n","protected":false},"author":2,"featured_media":4524,"comment_status":"open","ping_status":"open","sticky":false,"template":"","format":"standard","meta":{"footnotes":""},"categories":[134,135],"tags":[],"class_list":{"0":"post-4523","1":"post","2":"type-post","3":"status-publish","4":"format-standard","5":"has-post-thumbnail","7":"category-actualitat","8":"category-societat"},"_links":{"self":[{"href":"https:\/\/www.areabesos.com\/diario\/wp-json\/wp\/v2\/posts\/4523","targetHints":{"allow":["GET"]}}],"collection":[{"href":"https:\/\/www.areabesos.com\/diario\/wp-json\/wp\/v2\/posts"}],"about":[{"href":"https:\/\/www.areabesos.com\/diario\/wp-json\/wp\/v2\/types\/post"}],"author":[{"embeddable":true,"href":"https:\/\/www.areabesos.com\/diario\/wp-json\/wp\/v2\/users\/2"}],"replies":[{"embeddable":true,"href":"https:\/\/www.areabesos.com\/diario\/wp-json\/wp\/v2\/comments?post=4523"}],"version-history":[{"count":1,"href":"https:\/\/www.areabesos.com\/diario\/wp-json\/wp\/v2\/posts\/4523\/revisions"}],"predecessor-version":[{"id":4525,"href":"https:\/\/www.areabesos.com\/diario\/wp-json\/wp\/v2\/posts\/4523\/revisions\/4525"}],"wp:featuredmedia":[{"embeddable":true,"href":"https:\/\/www.areabesos.com\/diario\/wp-json\/wp\/v2\/media\/4524"}],"wp:attachment":[{"href":"https:\/\/www.areabesos.com\/diario\/wp-json\/wp\/v2\/media?parent=4523"}],"wp:term":[{"taxonomy":"category","embeddable":true,"href":"https:\/\/www.areabesos.com\/diario\/wp-json\/wp\/v2\/categories?post=4523"},{"taxonomy":"post_tag","embeddable":true,"href":"https:\/\/www.areabesos.com\/diario\/wp-json\/wp\/v2\/tags?post=4523"}],"curies":[{"name":"wp","href":"https:\/\/api.w.org\/{rel}","templated":true}]}}