{"id":4519,"date":"2021-12-10T10:45:59","date_gmt":"2021-12-10T09:45:59","guid":{"rendered":"http:\/\/www.areabesos.com\/diario\/?p=4519"},"modified":"2021-12-10T10:46:00","modified_gmt":"2021-12-10T09:46:00","slug":"sant-adria-col%c2%b7loca-una-nova-senyaletica-per-mostrar-el-seu-ferm-rebuig-a-totes-les-formes-de-violencies-masclistes","status":"publish","type":"post","link":"https:\/\/www.areabesos.com\/diario\/sant-adria-col%c2%b7loca-una-nova-senyaletica-per-mostrar-el-seu-ferm-rebuig-a-totes-les-formes-de-violencies-masclistes\/","title":{"rendered":"Sant Adri\u00e0 col\u00b7loca una nova senyal\u00e8tica per mostrar el seu ferm rebuig a totes les formes de viol\u00e8ncies masclistes"},"content":{"rendered":"\n<p>Dintre dels actes de commemoraci\u00f3 del 25 de novembre, Dia Internacional Contra la Viol\u00e8ncia vers les Dones l\u2019Ajuntament de Sant Adri\u00e0 ha col\u00b7locat 4 senyals amb el lema \u00abSan Adri\u00e0 ciutat lliure de viol\u00e8ncies masclistes\u00bb a diferents entrades del municipi: av. Pi i Maragall, rambla Guip\u00fascoa, c. Bernat Metge i c. Torrassa.<\/p>\n\n\n\n<p>Aquesta iniciativa t\u00e9 com a objectiu mostrar amb fermesa i amb un missatge positiu que a Sant Adri\u00e0 no es tolera cap mena de viol\u00e8ncia masclista.<\/p>\n\n\n\n<p>Sant Adri\u00e0 \u00e9s una ciutat compromesa en la lluita contra la viol\u00e8ncia masclista\u00a0 i continua treballant cada dia de l\u2019any per enfortir l\u2019estrat\u00e8gia i el comprom\u00eds com\u00fa per eradicar-ne \u00a0totes les formes.<\/p>\n\n\n\n<div><a href=\"https:\/\/www.areabesos.com\/diario\/wp-content\/uploads\/2021\/12\/senyaletica02-1024x1024.jpg\" class=\"td-modal-image\"><figure class=\"wp-block-image size-large\"><img loading=\"lazy\" decoding=\"async\" width=\"1024\" height=\"1024\" src=\"https:\/\/www.areabesos.com\/diario\/wp-content\/uploads\/2021\/12\/senyaletica02-1024x1024.jpg\" alt=\"\" class=\"wp-image-4521\" srcset=\"https:\/\/www.areabesos.com\/diario\/wp-content\/uploads\/2021\/12\/senyaletica02-1024x1024.jpg 1024w, https:\/\/www.areabesos.com\/diario\/wp-content\/uploads\/2021\/12\/senyaletica02-300x300.jpg 300w, https:\/\/www.areabesos.com\/diario\/wp-content\/uploads\/2021\/12\/senyaletica02-150x150.jpg 150w, https:\/\/www.areabesos.com\/diario\/wp-content\/uploads\/2021\/12\/senyaletica02-768x768.jpg 768w, https:\/\/www.areabesos.com\/diario\/wp-content\/uploads\/2021\/12\/senyaletica02-696x696.jpg 696w, https:\/\/www.areabesos.com\/diario\/wp-content\/uploads\/2021\/12\/senyaletica02-1068x1068.jpg 1068w, https:\/\/www.areabesos.com\/diario\/wp-content\/uploads\/2021\/12\/senyaletica02.jpg 1200w\" sizes=\"auto, (max-width: 1024px) 100vw, 1024px\" \/><\/figure><\/a><\/div>\n","protected":false},"excerpt":{"rendered":"<p>Dintre dels actes de commemoraci\u00f3 del 25 de novembre, Dia Internacional Contra la Viol\u00e8ncia vers les Dones l\u2019Ajuntament de Sant Adri\u00e0 ha col\u00b7locat 4 senyals amb el lema \u00abSan Adri\u00e0 ciutat lliure de viol\u00e8ncies masclistes\u00bb a diferents entrades del municipi: av. Pi i Maragall, rambla Guip\u00fascoa, c. Bernat Metge i c. Torrassa. Aquesta iniciativa t\u00e9 [&hellip;]<\/p>\n","protected":false},"author":2,"featured_media":4520,"comment_status":"open","ping_status":"open","sticky":false,"template":"","format":"standard","meta":{"footnotes":""},"categories":[134,135],"tags":[],"class_list":{"0":"post-4519","1":"post","2":"type-post","3":"status-publish","4":"format-standard","5":"has-post-thumbnail","7":"category-actualitat","8":"category-societat"},"_links":{"self":[{"href":"https:\/\/www.areabesos.com\/diario\/wp-json\/wp\/v2\/posts\/4519","targetHints":{"allow":["GET"]}}],"collection":[{"href":"https:\/\/www.areabesos.com\/diario\/wp-json\/wp\/v2\/posts"}],"about":[{"href":"https:\/\/www.areabesos.com\/diario\/wp-json\/wp\/v2\/types\/post"}],"author":[{"embeddable":true,"href":"https:\/\/www.areabesos.com\/diario\/wp-json\/wp\/v2\/users\/2"}],"replies":[{"embeddable":true,"href":"https:\/\/www.areabesos.com\/diario\/wp-json\/wp\/v2\/comments?post=4519"}],"version-history":[{"count":1,"href":"https:\/\/www.areabesos.com\/diario\/wp-json\/wp\/v2\/posts\/4519\/revisions"}],"predecessor-version":[{"id":4522,"href":"https:\/\/www.areabesos.com\/diario\/wp-json\/wp\/v2\/posts\/4519\/revisions\/4522"}],"wp:featuredmedia":[{"embeddable":true,"href":"https:\/\/www.areabesos.com\/diario\/wp-json\/wp\/v2\/media\/4520"}],"wp:attachment":[{"href":"https:\/\/www.areabesos.com\/diario\/wp-json\/wp\/v2\/media?parent=4519"}],"wp:term":[{"taxonomy":"category","embeddable":true,"href":"https:\/\/www.areabesos.com\/diario\/wp-json\/wp\/v2\/categories?post=4519"},{"taxonomy":"post_tag","embeddable":true,"href":"https:\/\/www.areabesos.com\/diario\/wp-json\/wp\/v2\/tags?post=4519"}],"curies":[{"name":"wp","href":"https:\/\/api.w.org\/{rel}","templated":true}]}}