{"id":4514,"date":"2021-12-09T12:30:19","date_gmt":"2021-12-09T11:30:19","guid":{"rendered":"http:\/\/www.areabesos.com\/diario\/?p=4514"},"modified":"2021-12-09T12:30:21","modified_gmt":"2021-12-09T11:30:21","slug":"lagrupacio-fotografica-inaugura-una-mostra-sobre-els-sense-sostre","status":"publish","type":"post","link":"https:\/\/www.areabesos.com\/diario\/lagrupacio-fotografica-inaugura-una-mostra-sobre-els-sense-sostre\/","title":{"rendered":"L&#8217;Agrupaci\u00f3 Fotogr\u00e0fica inaugura una mostra sobre els sense sostre"},"content":{"rendered":"\n<p>Aquesta tarda, a les 19.30 hores, l&#8217;Agrupaci\u00f3 Fotogr\u00e0fica de Sant Adri\u00e0 inaugura l&#8217;exposici\u00f3 \u00abSense sostre\u00bb, de Joan Bux\u00f3 Briquets. Tal i com explica el mateix fot\u00f2graf, \u00abaquesta exposici\u00f3 \u00e9s la que m\u00e9s m&#8217;ha costat dur a terme ja que el tema \u00e9s ben complicat. Va de gent sense llar, la gent que dorm pels carrers de la nostra Barcelona, s\u00f3n els i les nostres ve\u00efnes, gent com nosaltres, gent normal\u00bb. Bux\u00f3 comenta que s\u00f3n fotografies robades que volen expressar la seva quotidianitat. \u00abNo \u00e9s una exposici\u00f3 art\u00edstica. \u00c9s una exposici\u00f3 feta des del respecte i que ha tractat de captar els llocs on dormen, la imaginaci\u00f3 per no passar fred\u00bb. El fot\u00f2graf explica que va tractar de parlar amb algunes de les persones que fotografiava. \u00abAlgunes em van explicar les raons per les quals han acabat vivint al carrer, d&#8217;altres no em van fer aquesta confian\u00e7a. A totes aquestes persones els hi vull agrair i dedicar la meva petita reivindicaci\u00f3: les ciutats i qui les governa han de garantir que el Dret Universal a tenir una llar sigui per a tothom\u00bb.  <\/p>\n\n\n\n<p>L&#8217;exposici\u00f3 \u00abSense sostre\u00bb es podr\u00e0 visitar a la seu de l&#8217;agrupaci\u00f3, al carrer Dr. Barraquer, n\u00famero 6, fins el proper 30 de desembre.<\/p>\n\n\n\n<figure class=\"wp-block-gallery columns-3 is-cropped wp-block-gallery-1 is-layout-flex wp-block-gallery-is-layout-flex\"><ul class=\"blocks-gallery-grid\"><li class=\"blocks-gallery-item\"><figure><a href=\"https:\/\/www.areabesos.com\/diario\/wp-content\/uploads\/2021\/12\/Sense-sostre-4.jpg\"><img loading=\"lazy\" decoding=\"async\" width=\"567\" height=\"398\" src=\"https:\/\/www.areabesos.com\/diario\/wp-content\/uploads\/2021\/12\/Sense-sostre-4.jpg\" alt=\"\" data-id=\"4513\" data-full-url=\"https:\/\/www.areabesos.com\/diario\/wp-content\/uploads\/2021\/12\/Sense-sostre-4.jpg\" data-link=\"https:\/\/www.areabesos.com\/diario\/sense-sostre-4\/\" class=\"wp-image-4513\" srcset=\"https:\/\/www.areabesos.com\/diario\/wp-content\/uploads\/2021\/12\/Sense-sostre-4.jpg 567w, https:\/\/www.areabesos.com\/diario\/wp-content\/uploads\/2021\/12\/Sense-sostre-4-300x211.jpg 300w, https:\/\/www.areabesos.com\/diario\/wp-content\/uploads\/2021\/12\/Sense-sostre-4-150x105.jpg 150w\" sizes=\"auto, (max-width: 567px) 100vw, 567px\" \/><\/a><\/figure><\/li><li class=\"blocks-gallery-item\"><figure><a href=\"https:\/\/www.areabesos.com\/diario\/wp-content\/uploads\/2021\/12\/Sense-sostre-2.jpg\"><img loading=\"lazy\" decoding=\"async\" width=\"567\" height=\"398\" src=\"https:\/\/www.areabesos.com\/diario\/wp-content\/uploads\/2021\/12\/Sense-sostre-2.jpg\" alt=\"\" data-id=\"4511\" data-full-url=\"https:\/\/www.areabesos.com\/diario\/wp-content\/uploads\/2021\/12\/Sense-sostre-2.jpg\" data-link=\"https:\/\/www.areabesos.com\/diario\/sense-sostre-2\/\" class=\"wp-image-4511\" srcset=\"https:\/\/www.areabesos.com\/diario\/wp-content\/uploads\/2021\/12\/Sense-sostre-2.jpg 567w, https:\/\/www.areabesos.com\/diario\/wp-content\/uploads\/2021\/12\/Sense-sostre-2-300x211.jpg 300w, https:\/\/www.areabesos.com\/diario\/wp-content\/uploads\/2021\/12\/Sense-sostre-2-150x105.jpg 150w\" sizes=\"auto, (max-width: 567px) 100vw, 567px\" \/><\/a><\/figure><\/li><li class=\"blocks-gallery-item\"><figure><a href=\"https:\/\/www.areabesos.com\/diario\/wp-content\/uploads\/2021\/12\/Sense-sostre-3.jpg\"><img loading=\"lazy\" decoding=\"async\" width=\"567\" height=\"384\" src=\"https:\/\/www.areabesos.com\/diario\/wp-content\/uploads\/2021\/12\/Sense-sostre-3.jpg\" alt=\"\" data-id=\"4512\" data-full-url=\"https:\/\/www.areabesos.com\/diario\/wp-content\/uploads\/2021\/12\/Sense-sostre-3.jpg\" data-link=\"https:\/\/www.areabesos.com\/diario\/sense-sostre-3\/\" class=\"wp-image-4512\" srcset=\"https:\/\/www.areabesos.com\/diario\/wp-content\/uploads\/2021\/12\/Sense-sostre-3.jpg 567w, https:\/\/www.areabesos.com\/diario\/wp-content\/uploads\/2021\/12\/Sense-sostre-3-300x203.jpg 300w, https:\/\/www.areabesos.com\/diario\/wp-content\/uploads\/2021\/12\/Sense-sostre-3-150x102.jpg 150w\" sizes=\"auto, (max-width: 567px) 100vw, 567px\" \/><\/a><\/figure><\/li><\/ul><\/figure>\n","protected":false},"excerpt":{"rendered":"<p>Aquesta tarda, a les 19.30 hores, l&#8217;Agrupaci\u00f3 Fotogr\u00e0fica de Sant Adri\u00e0 inaugura l&#8217;exposici\u00f3 \u00abSense sostre\u00bb, de Joan Bux\u00f3 Briquets. Tal i com explica el mateix fot\u00f2graf, \u00abaquesta exposici\u00f3 \u00e9s la que m\u00e9s m&#8217;ha costat dur a terme ja que el tema \u00e9s ben complicat. Va de gent sense llar, la gent que dorm pels carrers [&hellip;]<\/p>\n","protected":false},"author":1,"featured_media":4510,"comment_status":"open","ping_status":"open","sticky":false,"template":"","format":"standard","meta":{"footnotes":""},"categories":[134,136],"tags":[],"class_list":{"0":"post-4514","1":"post","2":"type-post","3":"status-publish","4":"format-standard","5":"has-post-thumbnail","7":"category-actualitat","8":"category-cultura"},"_links":{"self":[{"href":"https:\/\/www.areabesos.com\/diario\/wp-json\/wp\/v2\/posts\/4514","targetHints":{"allow":["GET"]}}],"collection":[{"href":"https:\/\/www.areabesos.com\/diario\/wp-json\/wp\/v2\/posts"}],"about":[{"href":"https:\/\/www.areabesos.com\/diario\/wp-json\/wp\/v2\/types\/post"}],"author":[{"embeddable":true,"href":"https:\/\/www.areabesos.com\/diario\/wp-json\/wp\/v2\/users\/1"}],"replies":[{"embeddable":true,"href":"https:\/\/www.areabesos.com\/diario\/wp-json\/wp\/v2\/comments?post=4514"}],"version-history":[{"count":1,"href":"https:\/\/www.areabesos.com\/diario\/wp-json\/wp\/v2\/posts\/4514\/revisions"}],"predecessor-version":[{"id":4515,"href":"https:\/\/www.areabesos.com\/diario\/wp-json\/wp\/v2\/posts\/4514\/revisions\/4515"}],"wp:featuredmedia":[{"embeddable":true,"href":"https:\/\/www.areabesos.com\/diario\/wp-json\/wp\/v2\/media\/4510"}],"wp:attachment":[{"href":"https:\/\/www.areabesos.com\/diario\/wp-json\/wp\/v2\/media?parent=4514"}],"wp:term":[{"taxonomy":"category","embeddable":true,"href":"https:\/\/www.areabesos.com\/diario\/wp-json\/wp\/v2\/categories?post=4514"},{"taxonomy":"post_tag","embeddable":true,"href":"https:\/\/www.areabesos.com\/diario\/wp-json\/wp\/v2\/tags?post=4514"}],"curies":[{"name":"wp","href":"https:\/\/api.w.org\/{rel}","templated":true}]}}