{"id":4506,"date":"2021-12-02T13:12:00","date_gmt":"2021-12-02T12:12:00","guid":{"rendered":"http:\/\/www.areabesos.com\/diario\/?p=4506"},"modified":"2021-12-07T13:13:29","modified_gmt":"2021-12-07T12:13:29","slug":"proposta-per-recuperar-la-memoria-democratica-de-les-migracions-interiors-durant-el-franquisme","status":"publish","type":"post","link":"https:\/\/www.areabesos.com\/diario\/proposta-per-recuperar-la-memoria-democratica-de-les-migracions-interiors-durant-el-franquisme\/","title":{"rendered":"Proposta per recuperar la mem\u00f2ria democr\u00e0tica de les migracions interiors durant el franquisme"},"content":{"rendered":"\n<p>Avui, el diputat Ferran Pedret i l&#8217;alcaldessa Filo Ca\u00f1ete, acompanyats del regidor Andr\u00e9s Pozo, han presentat al Parlament de Catalunya una proposta per recuperar la mem\u00f2ria democr\u00e0tica de les migracions interiors durant el franquisme.<\/p>\n\n\n\n<p>A la d\u00e8cada de 1940 les migracions interiors van ser una estrat\u00e8gia adoptada pels ven\u00e7uts en la Guerra Civil per tal d&#8217;escapar del control social franquista i la repressi\u00f3, sense menystenir la import\u00e0ncia del factor econ\u00f2mic. L&#8217;exist\u00e8ncia de restriccions burocr\u00e0tiques a la llibertat de moviments dins de les fronteres d&#8217;Espanya i l&#8217;exist\u00e8ncia de moviments migratoris irregulars, combatuts per les autoritats de la dictadura, s\u00f3n realitats amagades pels qui volen amagar o alterar la mem\u00f2ria hist\u00f2rica.<\/p>\n\n\n\n<p>L&#8217;aprovaci\u00f3 d&#8217;aquesta proposta pel Parlament instar\u00e0 a la Generalitat de Catalunya, a trav\u00e9s del Memorial Democr\u00e0tic, a incrementar de manera permanent el suport econ\u00f2mic i la col\u00b7laboraci\u00f3 amb el MhiC i a crear-hi un Centre d&#8217;Estudis i de Mem\u00f2ria dels Processos Migratoris, aix\u00ed com a organitzar una exposici\u00f3 itinerant sobre la hist\u00f2ria de les migracions interiors de la resta d&#8217;Espanya cap a Catalunya en el segle XX.<\/p>\n","protected":false},"excerpt":{"rendered":"<p>Avui, el diputat Ferran Pedret i l&#8217;alcaldessa Filo Ca\u00f1ete, acompanyats del regidor Andr\u00e9s Pozo, han presentat al Parlament de Catalunya una proposta per recuperar la mem\u00f2ria democr\u00e0tica de les migracions interiors durant el franquisme. A la d\u00e8cada de 1940 les migracions interiors van ser una estrat\u00e8gia adoptada pels ven\u00e7uts en la Guerra Civil per tal [&hellip;]<\/p>\n","protected":false},"author":2,"featured_media":4507,"comment_status":"open","ping_status":"open","sticky":false,"template":"","format":"standard","meta":{"footnotes":""},"categories":[134],"tags":[],"class_list":{"0":"post-4506","1":"post","2":"type-post","3":"status-publish","4":"format-standard","5":"has-post-thumbnail","7":"category-actualitat"},"_links":{"self":[{"href":"https:\/\/www.areabesos.com\/diario\/wp-json\/wp\/v2\/posts\/4506","targetHints":{"allow":["GET"]}}],"collection":[{"href":"https:\/\/www.areabesos.com\/diario\/wp-json\/wp\/v2\/posts"}],"about":[{"href":"https:\/\/www.areabesos.com\/diario\/wp-json\/wp\/v2\/types\/post"}],"author":[{"embeddable":true,"href":"https:\/\/www.areabesos.com\/diario\/wp-json\/wp\/v2\/users\/2"}],"replies":[{"embeddable":true,"href":"https:\/\/www.areabesos.com\/diario\/wp-json\/wp\/v2\/comments?post=4506"}],"version-history":[{"count":1,"href":"https:\/\/www.areabesos.com\/diario\/wp-json\/wp\/v2\/posts\/4506\/revisions"}],"predecessor-version":[{"id":4508,"href":"https:\/\/www.areabesos.com\/diario\/wp-json\/wp\/v2\/posts\/4506\/revisions\/4508"}],"wp:featuredmedia":[{"embeddable":true,"href":"https:\/\/www.areabesos.com\/diario\/wp-json\/wp\/v2\/media\/4507"}],"wp:attachment":[{"href":"https:\/\/www.areabesos.com\/diario\/wp-json\/wp\/v2\/media?parent=4506"}],"wp:term":[{"taxonomy":"category","embeddable":true,"href":"https:\/\/www.areabesos.com\/diario\/wp-json\/wp\/v2\/categories?post=4506"},{"taxonomy":"post_tag","embeddable":true,"href":"https:\/\/www.areabesos.com\/diario\/wp-json\/wp\/v2\/tags?post=4506"}],"curies":[{"name":"wp","href":"https:\/\/api.w.org\/{rel}","templated":true}]}}