{"id":4503,"date":"2021-12-03T13:06:00","date_gmt":"2021-12-03T12:06:00","guid":{"rendered":"http:\/\/www.areabesos.com\/diario\/?p=4503"},"modified":"2021-12-07T13:12:15","modified_gmt":"2021-12-07T12:12:15","slug":"arrenca-la-campanya-comerc-accessible","status":"publish","type":"post","link":"https:\/\/www.areabesos.com\/diario\/arrenca-la-campanya-comerc-accessible\/","title":{"rendered":"Arrenca la campanya \u00abComer\u00e7 Accessible\u00bb"},"content":{"rendered":"\n<p>Coincidint amb el Dia Internacional de les Persones amb Discapacitat, ha comen\u00e7at a Sant Adri\u00e0 la campanya \u00abComer\u00e7 Accessible\u00bb. Aquesta campanya sorgeix de la col\u00b7laboraci\u00f3 entre\u00a0el Consell Municipal d\u2019Accessibilitat i el departament de Promoci\u00f3 Econ\u00f2mica de l\u2019Ajuntament, i t\u00e9 per objectiu facilitar una informaci\u00f3 acurada i f\u00e0cil de consultar sobre l\u2019accessibilitat dels comer\u00e7os de Sant Adri\u00e0.<\/p>\n\n\n\n<p>Aquells comer\u00e7os que tenen l\u2019acc\u00e9s accessible rebran un distintiu que els identifiqui, i a la vegada es penjar\u00e0 a la web municipal un mapa amb tots els comer\u00e7os amb l\u2019acc\u00e9s accessible, per tal que totes les persones amb mobilitat redu\u00efda ho puguin consultar. La recollida d\u2019informaci\u00f3 necess\u00e0ria per a la realitzaci\u00f3 d\u2019aquest mapa s\u2019est\u00e0 realitzant amb el suport de persones contractades mitjan\u00e7ant el programa Reactivaci\u00f3 de l\u2019Ocupabilitat de la Diputaci\u00f3 de Barcelona.<\/p>\n\n\n\n<p>En una primera fase la campanya se centrar\u00e0 en la zona amb m\u00e9s concentraci\u00f3 de comer\u00e7os, per anar-se ampliant progressivament a tot el municipi.Cal remarcar que la informaci\u00f3 se centra nom\u00e9s en l\u2019acc\u00e9s al comer\u00e7: si hi ha rampa, sigui fixa o m\u00f2bil, o b\u00e9 no hi ha cap desnivell, si les portes compleixen amb l\u2019amplada m\u00ednima i no hi ha altres elements que dificultin l\u2019acc\u00e9s. La voluntat \u00e9s poder anar ampliant aquesta informaci\u00f3 amb l\u2019accessibilitat de l\u2019interior dels locals.<\/p>\n\n\n\n<p>Aix\u00ed mateix aquesta campanya vol ser un est\u00edmul perqu\u00e8 tots els comer\u00e7os esdevinguin accessibles&nbsp;i&nbsp;<strong>fer efectiu el dret de tota la ciutadania<\/strong>&nbsp;a participar de manera<strong>&nbsp;aut\u00f2noma, activa i segura&nbsp;<\/strong>a la vida en comunitat,&nbsp;construint&nbsp;un comer\u00e7 de proximitat, accessible i obert a tothom.<\/p>\n","protected":false},"excerpt":{"rendered":"<p>Coincidint amb el Dia Internacional de les Persones amb Discapacitat, ha comen\u00e7at a Sant Adri\u00e0 la campanya \u00abComer\u00e7 Accessible\u00bb. Aquesta campanya sorgeix de la col\u00b7laboraci\u00f3 entre\u00a0el Consell Municipal d\u2019Accessibilitat i el departament de Promoci\u00f3 Econ\u00f2mica de l\u2019Ajuntament, i t\u00e9 per objectiu facilitar una informaci\u00f3 acurada i f\u00e0cil de consultar sobre l\u2019accessibilitat dels comer\u00e7os de Sant [&hellip;]<\/p>\n","protected":false},"author":2,"featured_media":4504,"comment_status":"open","ping_status":"open","sticky":false,"template":"","format":"standard","meta":{"footnotes":""},"categories":[134],"tags":[],"class_list":{"0":"post-4503","1":"post","2":"type-post","3":"status-publish","4":"format-standard","5":"has-post-thumbnail","7":"category-actualitat"},"_links":{"self":[{"href":"https:\/\/www.areabesos.com\/diario\/wp-json\/wp\/v2\/posts\/4503","targetHints":{"allow":["GET"]}}],"collection":[{"href":"https:\/\/www.areabesos.com\/diario\/wp-json\/wp\/v2\/posts"}],"about":[{"href":"https:\/\/www.areabesos.com\/diario\/wp-json\/wp\/v2\/types\/post"}],"author":[{"embeddable":true,"href":"https:\/\/www.areabesos.com\/diario\/wp-json\/wp\/v2\/users\/2"}],"replies":[{"embeddable":true,"href":"https:\/\/www.areabesos.com\/diario\/wp-json\/wp\/v2\/comments?post=4503"}],"version-history":[{"count":1,"href":"https:\/\/www.areabesos.com\/diario\/wp-json\/wp\/v2\/posts\/4503\/revisions"}],"predecessor-version":[{"id":4505,"href":"https:\/\/www.areabesos.com\/diario\/wp-json\/wp\/v2\/posts\/4503\/revisions\/4505"}],"wp:featuredmedia":[{"embeddable":true,"href":"https:\/\/www.areabesos.com\/diario\/wp-json\/wp\/v2\/media\/4504"}],"wp:attachment":[{"href":"https:\/\/www.areabesos.com\/diario\/wp-json\/wp\/v2\/media?parent=4503"}],"wp:term":[{"taxonomy":"category","embeddable":true,"href":"https:\/\/www.areabesos.com\/diario\/wp-json\/wp\/v2\/categories?post=4503"},{"taxonomy":"post_tag","embeddable":true,"href":"https:\/\/www.areabesos.com\/diario\/wp-json\/wp\/v2\/tags?post=4503"}],"curies":[{"name":"wp","href":"https:\/\/api.w.org\/{rel}","templated":true}]}}