{"id":4494,"date":"2021-12-03T10:43:58","date_gmt":"2021-12-03T09:43:58","guid":{"rendered":"http:\/\/www.areabesos.com\/diario\/?p=4494"},"modified":"2021-12-03T10:43:59","modified_gmt":"2021-12-03T09:43:59","slug":"covid-militares-jueces-y-el-profesor-lafuente","status":"publish","type":"post","link":"https:\/\/www.areabesos.com\/diario\/covid-militares-jueces-y-el-profesor-lafuente\/","title":{"rendered":"Covid, militares, jueces y el profesor Lafuente"},"content":{"rendered":"\n<p>Por curiosidad, \u00bfha reparado usted en la cantidad de rondas informativas sobre la pandemia en las que, adem\u00e1s de contagiados, hospitalizados, fallecidos, vacunados, olas, omicrones y resto de conceptos inevitables, se cuelan tambi\u00e9n tribunales, jueces, fiscales, autos, sentencias y dem\u00e1s terminolog\u00eda jur\u00eddica?<\/p>\n\n\n\n<p>Estoy seguro que ocurre en m\u00e1s del 60% de los noticieros Covid referidos hoy, en su mayor\u00eda, a tribunales que autorizan o deniegan decisiones aprobadas por unos pol\u00edticos que, adem\u00e1s de haberse ganado el puesto compitiendo en las urnas y estar obligados a intentarlo de nuevo cada cuatro a\u00f1os, disponen de toda la informaci\u00f3n sanitaria, procedente tanto del Sistema P\u00fablico de Salud como de la OMS y otros organismos internacionales.<\/p>\n\n\n\n<p>En relaci\u00f3n con esta judicializaci\u00f3n del d\u00eda a d\u00eda de la pandemia llaman la atenci\u00f3n varias cosas. Entre otras:<\/p>\n\n\n\n<p>\u00b7&nbsp;&nbsp;&nbsp;&nbsp;&nbsp;&nbsp;&nbsp;&nbsp; Que se ha incrementado exponencialmente a partir de la sentencia del TC que dio la raz\u00f3n a los neofranquistas de Vox en relaci\u00f3n con el primer Estado de Alarma.<\/p>\n\n\n\n<p>\u00b7&nbsp;&nbsp;&nbsp;&nbsp;&nbsp;&nbsp;&nbsp;&nbsp; Que, en su mayor\u00eda, los tribunales no est\u00e1n atendiendo demandas planteadas por organizaciones o personas contra decisiones de los gobiernos, pues parece que son los gobiernos los que se dirigen a los tribunales para \u201cpedir autorizaciones\u201d.<\/p>\n\n\n\n<p>\u00b7&nbsp;&nbsp;&nbsp;&nbsp;&nbsp;&nbsp;&nbsp;&nbsp; Que esta carga de trabajo, extraordinaria y a la que se concede prioridad, enlentece a\u00fan m\u00e1s la gesti\u00f3n de los expedientes habituales, lo que convierte a la Justicia espa\u00f1ola en colaboradora f\u00e1ctica de los delincuentes poderosos, esos que delinquen teniendo en cuenta que la lentitud judicial favorece su pol\u00edtica de hechos consumados, aunque est\u00e9n pendientes de juicio. Inolvidables los 5 a\u00f1os que se demor\u00f3 el TC en dictar una sentencia por unanimidad como fue la que declar\u00f3 inconstitucional la Amnist\u00eda Fiscal del gobierno Rajoy-Montoro, toda una estrategia pol\u00edtico-judicial para conseguir que los grandes evasores fiscales se salieran con la suya y sin que nadie les tocara un euro.<\/p>\n\n\n\n<p>De los dos primeros puntos podemos deducir que est\u00e1 funcionando una especie de \u201casesoramiento judicial preventivo\u201d para evitar que la derecha en la oposici\u00f3n presente demandas contra cualquier decisi\u00f3n de cualquier gobierno que no tenga controlado, pues lo cierto es que la izquierda judicializa mucho menos. Aun as\u00ed, no estoy de acuerdo, pues los jueces deber\u00edan archivar por su propia iniciativa las acciones judiciales excesivamente contaminadas de intenciones pol\u00edticas.<\/p>\n\n\n\n<p>En cambio, comienzo a leer \u201cVacunaci\u00f3n obligatoria\u201d, art\u00edculo publicado en \u201cDiario de Mallorca\u201d del 27 de noviembre por el profesor de Derecho Constitucional Jos\u00e9 Mar\u00eda Lafuente, y estoy muy de acuerdo cuando, refiri\u00e9ndose a los gobiernos, afirma que \u201c<em>cobijarse una y otra vez en los tribunales es lo m\u00e1s alejado del compromiso que les corresponde<\/em>\u201d. M\u00e1s adelante, y abundando en la opini\u00f3n que comparto, reproduce la siguiente advertencia del Tribunal Superior de Arag\u00f3n: \u201c<em>El gobierno no queda impedido de adoptar las medidas oportunas; y que someterle a su decisi\u00f3n (del Tribunal) la exigencia del certificado COVID va m\u00e1s all\u00e1 de las funciones que la Constituci\u00f3n prev\u00e9 para los tribunales de lo contencioso al proponer en estos casos una soluci\u00f3n de cogobierno<\/em>\u201d.<\/p>\n\n\n\n<p>Por eso mismo no me cabe en la cabeza que, en el mismo art\u00edculo, Lafuente se manifieste de acuerdo con la sentencia del TC que declar\u00f3 inconstitucional el Estado de Alarma \u201c<em>por \u2018restringir\u2019 y no solamente \u2018limitar\u2019 la libertad de circulaci\u00f3n<\/em>\u201d.<\/p>\n\n\n\n<p>Alarmado yo, acudo al diccionario de la RAE por si se me hubiera olvidado mi castellano materno y encuentro que \u201crestringir\u201d es \u201creducir a menores l\u00edmites\u201d y \u201climitar\u201d es \u201cponer l\u00edmites a algo\u201d, con lo que me quedo tranquilo, pues estoy seguro que no hay ning\u00fan art\u00edculo en la Constituci\u00f3n que diga que, una vez que se han puesto unos l\u00edmites en una ley, no se pueda aprobar otra para reducirlos ante una situaci\u00f3n que lo requiera en defensa de un bien superior, por ejemplo la vida, o ampliarlos cuando el peligro haya desaparecido.<\/p>\n\n\n\n<p>Hablando de \u201ccirculaci\u00f3n\u201d, puede que usted est\u00e9 pensando en los cambiantes l\u00edmites que los gobiernos establecen contra la libertad de pisar el acelerador por calles y carreteras. Yo tambi\u00e9n. Y en este ejemplo, tambi\u00e9n en beneficio de la salud y de la vida. Ya es casualidad.<\/p>\n\n\n\n<p>Recuerdo aquel Estado de Alarma contra el que el TC dict\u00f3 la sentencia que el constitucionalista Lafuente acepta, y me vienen a la memoria frases como \u201cla guerra contra el virus\u201d, o tambi\u00e9n \u201cmilitares\u201d en la tele junto al doctor Sim\u00f3n, uno de los cuales tuvo, meses despu\u00e9s, la desfachatez de saltarse la cola para vacunarse antes. Me cuesta imaginar que, en un ambiente \u201cb\u00e9lico\u201d, las diferencias entre \u201crestringir\u201d y \u201climitar\u201d sean las que ocupen los debates de los estrategas de un ej\u00e9rcito que est\u00e1 siendo acorralado por un enemigo invisible.&nbsp;<\/p>\n\n\n\n<p>Solo desde una confusi\u00f3n sobrevenida puedo comprender que diferencias literales tan \u00ednfimas como las que expone para defender una sentencia del TC que, sobre todo, creaba desconfianza en el gobierno, le parezcan suficientes para sumarse a unos jueces que, aunque ninguno de ellos, que sepamos, es tambi\u00e9n epidemi\u00f3logo, s\u00ed se atreven a sentenciar con el escaso aval de la menor de las mayor\u00edas en el propio TC, contra las decisiones de un gobierno que se ve\u00eda obligado a improvisar \u201climitaciones\u201d y \u201crestricciones\u201d para evitar los muy contagiosos contactos, tantas veces fatales, mientras millones de personas agotaban las existencias de papel higi\u00e9nico sin que nadie lo hubiera ordenado.<\/p>\n\n\n\n<p>Precisamente sobre las votaciones en el Constitucional abro par\u00e9ntesis para insistir en la reforma de la LOTC que propuse en julio pasado, cuando se conoci\u00f3 la sentencia sobre el Estado de Alarma contra el Gobierno y contra el Congreso: ante una ley de leyes que en el 99% de su texto es id\u00e9ntica a la aprobada hace m\u00e1s de 40 a\u00f1os, se debe exigir la unanimidad de sus m\u00e1ximos int\u00e9rpretes, los miembros del TC, para declarar la inconstitucionalidad de cualquier norma aprobada por quienes representan la voluntad popular nacida de las urnas.<\/p>\n\n\n\n<p>Releo lo que acabo de escribir, producto del cruce entre los recuerdos de un pasado a\u00fan reciente y las noticias de actualidad, pensando siempre en la gesti\u00f3n de la pandemia, y no puedo evitar sorprenderme por el hecho de que una sociedad como la espa\u00f1ola, tan campeona en solidaridades que es capaz de liderar durante a\u00f1os el ranking de donaciones de \u00f3rganos y que ahora, ante una pandemia que sufre como el resto de pa\u00edses del mundo, reafirma su generosidad ofreciendo los porcentajes m\u00e1s altos de vacunaci\u00f3n sea, en cambio, la misma sociedad que elige en las urnas a unos pol\u00edticos que, ante una situaci\u00f3n de emergencia como la creada por el Covid, lo primero que hacen es amenazar con militares en las ruedas de prensa de cada d\u00eda, y tras casi dos a\u00f1os, deciden conceder al poder menos democr\u00e1tico, el judicial, el mismo que fracasa un d\u00eda s\u00ed y otro tambi\u00e9n en Europa en su persecuci\u00f3n de diferentes libertades pol\u00edticas, una capacidad de \u201ccogobierno\u201d tan exagerada que los jueces que solo quieren ser jueces se sienten obligados a denunciar.<\/p>\n","protected":false},"excerpt":{"rendered":"<p>Por curiosidad, \u00bfha reparado usted en la cantidad de rondas informativas sobre la pandemia en las que, adem\u00e1s de contagiados, hospitalizados, fallecidos, vacunados, olas, omicrones y resto de conceptos inevitables, se cuelan tambi\u00e9n tribunales, jueces, fiscales, autos, sentencias y dem\u00e1s terminolog\u00eda jur\u00eddica? Estoy seguro que ocurre en m\u00e1s del 60% de los noticieros Covid referidos [&hellip;]<\/p>\n","protected":false},"author":2,"featured_media":4495,"comment_status":"open","ping_status":"open","sticky":false,"template":"","format":"standard","meta":{"footnotes":""},"categories":[139],"tags":[],"class_list":{"0":"post-4494","1":"post","2":"type-post","3":"status-publish","4":"format-standard","5":"has-post-thumbnail","7":"category-opinio"},"_links":{"self":[{"href":"https:\/\/www.areabesos.com\/diario\/wp-json\/wp\/v2\/posts\/4494","targetHints":{"allow":["GET"]}}],"collection":[{"href":"https:\/\/www.areabesos.com\/diario\/wp-json\/wp\/v2\/posts"}],"about":[{"href":"https:\/\/www.areabesos.com\/diario\/wp-json\/wp\/v2\/types\/post"}],"author":[{"embeddable":true,"href":"https:\/\/www.areabesos.com\/diario\/wp-json\/wp\/v2\/users\/2"}],"replies":[{"embeddable":true,"href":"https:\/\/www.areabesos.com\/diario\/wp-json\/wp\/v2\/comments?post=4494"}],"version-history":[{"count":1,"href":"https:\/\/www.areabesos.com\/diario\/wp-json\/wp\/v2\/posts\/4494\/revisions"}],"predecessor-version":[{"id":4496,"href":"https:\/\/www.areabesos.com\/diario\/wp-json\/wp\/v2\/posts\/4494\/revisions\/4496"}],"wp:featuredmedia":[{"embeddable":true,"href":"https:\/\/www.areabesos.com\/diario\/wp-json\/wp\/v2\/media\/4495"}],"wp:attachment":[{"href":"https:\/\/www.areabesos.com\/diario\/wp-json\/wp\/v2\/media?parent=4494"}],"wp:term":[{"taxonomy":"category","embeddable":true,"href":"https:\/\/www.areabesos.com\/diario\/wp-json\/wp\/v2\/categories?post=4494"},{"taxonomy":"post_tag","embeddable":true,"href":"https:\/\/www.areabesos.com\/diario\/wp-json\/wp\/v2\/tags?post=4494"}],"curies":[{"name":"wp","href":"https:\/\/api.w.org\/{rel}","templated":true}]}}