{"id":4491,"date":"2021-12-02T13:59:29","date_gmt":"2021-12-02T12:59:29","guid":{"rendered":"http:\/\/www.areabesos.com\/diario\/?p=4491"},"modified":"2021-12-02T13:59:30","modified_gmt":"2021-12-02T12:59:30","slug":"la-festa-de-les-llums-inaugura-lenllumenat-de-nadal","status":"publish","type":"post","link":"https:\/\/www.areabesos.com\/diario\/la-festa-de-les-llums-inaugura-lenllumenat-de-nadal\/","title":{"rendered":"La Festa de les llums inaugura l&#8217;enllumenat de Nadal"},"content":{"rendered":"\n<p>Dem\u00e0, 3 de desembre, a partir de les 17.30 h, l\u2019Ajuntament organitzar\u00e0 la Festa de les llums. La celebraci\u00f3, que tindr\u00e0 lloc a la pla\u00e7a de la Vila, comptar\u00e0 amb animaci\u00f3 infantil i ser\u00e0 l\u2019encesa oficial de l\u2019enllumenat de Nadal.<\/p>\n\n\n\n<p>Sant Adri\u00e0, com s\u2019ha fet els darrers anys, il\u00b7luminar\u00e0 els seus carrers fins despr\u00e9s de Reis. Pel que fa a la distribuci\u00f3 de les llums, l\u2019Ajuntament ho continuar\u00e0 fent a tots els barris, per promoure la mobilitat de vianants en els carrers m\u00e9s comercials de cada zona.&nbsp;<strong>Aix\u00ed s&#8217;instal\u00b7lar\u00e0 enllumenat en els carrers seg\u00fcents:<\/strong>&nbsp;rambla Camar\u00f3n, rambla Mina, ronda de Sant Ramon Penyafort, c. Somosierra \/Fleming, c. Argentina, Arc de Sant Adri\u00e0, c.Prat, av. de la Platja, c. Mare de Deu del Carme, av. Pi i Maragall, Monges, pl. de Maria Grau, c. Bogatell, av. Joan XXIII, c. Santa Caterina, av. Catalunya, av. de les Corts Catalanes, pl.Germans Riules, pl. de Guillermo Vida\u00f1a, pl. Pius XII, c. Ol\u00edmpic, c. Ricart, pl. de la Vila, av. Catalana, av. Ferrocarril, c. Major, ctra. de Matar\u00f3, pl. del Mercat, c. Tibidabo, via Trajana. A aquesta llista se sumaran enguany tres carrers m\u00e9s: c. Manuel Fern\u00e1ndez M\u00e1rquez, c. Mare de D\u00e9u de Montserrat i c. Ponent<\/p>\n\n\n\n<p>Les llums, que s\u00f3n de baix consum, romandran enceses tota la nit, ja que el cost \u00e9s menor que programar en cada carrer l\u2019apagada i l\u2019encesa a una hora determinada. Com a novetat assenyalar que el passeig Camar\u00f3n comptar\u00e0 amb nous motius nadalencs, per\u00f2 sobretot cal destacar el gran arbre de Nadal que es col\u00b7locar\u00e0 a la pl. de la Vila.<\/p>\n","protected":false},"excerpt":{"rendered":"<p>Dem\u00e0, 3 de desembre, a partir de les 17.30 h, l\u2019Ajuntament organitzar\u00e0 la Festa de les llums. La celebraci\u00f3, que tindr\u00e0 lloc a la pla\u00e7a de la Vila, comptar\u00e0 amb animaci\u00f3 infantil i ser\u00e0 l\u2019encesa oficial de l\u2019enllumenat de Nadal. Sant Adri\u00e0, com s\u2019ha fet els darrers anys, il\u00b7luminar\u00e0 els seus carrers fins despr\u00e9s de [&hellip;]<\/p>\n","protected":false},"author":2,"featured_media":4492,"comment_status":"open","ping_status":"open","sticky":false,"template":"","format":"standard","meta":{"footnotes":""},"categories":[134,135],"tags":[],"class_list":{"0":"post-4491","1":"post","2":"type-post","3":"status-publish","4":"format-standard","5":"has-post-thumbnail","7":"category-actualitat","8":"category-societat"},"_links":{"self":[{"href":"https:\/\/www.areabesos.com\/diario\/wp-json\/wp\/v2\/posts\/4491","targetHints":{"allow":["GET"]}}],"collection":[{"href":"https:\/\/www.areabesos.com\/diario\/wp-json\/wp\/v2\/posts"}],"about":[{"href":"https:\/\/www.areabesos.com\/diario\/wp-json\/wp\/v2\/types\/post"}],"author":[{"embeddable":true,"href":"https:\/\/www.areabesos.com\/diario\/wp-json\/wp\/v2\/users\/2"}],"replies":[{"embeddable":true,"href":"https:\/\/www.areabesos.com\/diario\/wp-json\/wp\/v2\/comments?post=4491"}],"version-history":[{"count":1,"href":"https:\/\/www.areabesos.com\/diario\/wp-json\/wp\/v2\/posts\/4491\/revisions"}],"predecessor-version":[{"id":4493,"href":"https:\/\/www.areabesos.com\/diario\/wp-json\/wp\/v2\/posts\/4491\/revisions\/4493"}],"wp:featuredmedia":[{"embeddable":true,"href":"https:\/\/www.areabesos.com\/diario\/wp-json\/wp\/v2\/media\/4492"}],"wp:attachment":[{"href":"https:\/\/www.areabesos.com\/diario\/wp-json\/wp\/v2\/media?parent=4491"}],"wp:term":[{"taxonomy":"category","embeddable":true,"href":"https:\/\/www.areabesos.com\/diario\/wp-json\/wp\/v2\/categories?post=4491"},{"taxonomy":"post_tag","embeddable":true,"href":"https:\/\/www.areabesos.com\/diario\/wp-json\/wp\/v2\/tags?post=4491"}],"curies":[{"name":"wp","href":"https:\/\/api.w.org\/{rel}","templated":true}]}}