{"id":4488,"date":"2021-12-02T13:56:04","date_gmt":"2021-12-02T12:56:04","guid":{"rendered":"http:\/\/www.areabesos.com\/diario\/?p=4488"},"modified":"2021-12-02T13:56:05","modified_gmt":"2021-12-02T12:56:05","slug":"torna-la-ruta-tapa-coincidint-amb-linici-de-la-campanya-de-nadal","status":"publish","type":"post","link":"https:\/\/www.areabesos.com\/diario\/torna-la-ruta-tapa-coincidint-amb-linici-de-la-campanya-de-nadal\/","title":{"rendered":"Torna la Ruta Tapa coincidint amb l\u2019inici de la campanya de Nadal"},"content":{"rendered":"\n<p>La Ruta Tapa Nadal 2021 tindr\u00e0 lloc des de la tarda del dijous 2 de desembre fins al diumenge dia 5.<\/p>\n\n\n\n<p>En aquesta edici\u00f3, la Ruta compta amb 22 establiments participants. Cada establiment ha elaborat una i l\u2019oferir\u00e0 als clients al preu de 3\u20ac (inclou consumici\u00f3 de quinto\/canya, aigua, copa de vi o refresc). Al final de la Ruta els establiments amb les tres millors tapes rebran una menci\u00f3 especial.<\/p>\n\n\n\n<p>S\u00f3n els clients els que voten les millors tapes, mitjan\u00e7ant una butlleta de participaci\u00f3 que estar\u00e0 disponibles en tots els locals de la Ruta. A aquest d\u00edptic consta l\u2019adre\u00e7a dels bars, nom de la tapa i horari on la serveixen. El client ha d\u2019omplir la butlleta amb les dades personals, aconseguir el segell d\u2019almenys tres bars i puntuar per ordre les que considera les millors tapes. Totes les butlletes que s\u2019hagin omplert correctament participaran en un sorteig on el primer premi \u00e9s un sopar o dinar per a dues persones en el bar guanyador i el segon i tercer premi s\u00f3n lots sorpresa.&nbsp;&nbsp;&nbsp;<\/p>\n\n\n\n<p>Durant el cap de setmana hi haur\u00e0 actuacions al carrer, dissabte la Companyia Obra Vista representar\u00e0 el seu espectacle Coworkers -a les 12:00 del migdia a la Placeta Maci\u00e0 i a les 17:00 a la Pla\u00e7a de la Vila-, i diumenge hi haur\u00e0 una cercavila a c\u00e0rrec de la companyia Palo Q\u2019Sea.&nbsp;<\/p>\n\n\n\n<p><a href=\"http:\/\/www.sant-adria.net\/sant-adria-per-temes\/alcaldia\/documents\/2021-1\/Dp_RutaTapa21.pdf\" target=\"_blank\" rel=\"noreferrer noopener\">AQU\u00cd&nbsp;<\/a>podeu veure la butlleta de participaci\u00f3 que trobareu a tots els bars i restaurants participants.<\/p>\n","protected":false},"excerpt":{"rendered":"<p>La Ruta Tapa Nadal 2021 tindr\u00e0 lloc des de la tarda del dijous 2 de desembre fins al diumenge dia 5. En aquesta edici\u00f3, la Ruta compta amb 22 establiments participants. Cada establiment ha elaborat una i l\u2019oferir\u00e0 als clients al preu de 3\u20ac (inclou consumici\u00f3 de quinto\/canya, aigua, copa de vi o refresc). Al [&hellip;]<\/p>\n","protected":false},"author":1,"featured_media":4489,"comment_status":"open","ping_status":"open","sticky":false,"template":"","format":"standard","meta":{"footnotes":""},"categories":[134],"tags":[],"class_list":{"0":"post-4488","1":"post","2":"type-post","3":"status-publish","4":"format-standard","5":"has-post-thumbnail","7":"category-actualitat"},"_links":{"self":[{"href":"https:\/\/www.areabesos.com\/diario\/wp-json\/wp\/v2\/posts\/4488","targetHints":{"allow":["GET"]}}],"collection":[{"href":"https:\/\/www.areabesos.com\/diario\/wp-json\/wp\/v2\/posts"}],"about":[{"href":"https:\/\/www.areabesos.com\/diario\/wp-json\/wp\/v2\/types\/post"}],"author":[{"embeddable":true,"href":"https:\/\/www.areabesos.com\/diario\/wp-json\/wp\/v2\/users\/1"}],"replies":[{"embeddable":true,"href":"https:\/\/www.areabesos.com\/diario\/wp-json\/wp\/v2\/comments?post=4488"}],"version-history":[{"count":1,"href":"https:\/\/www.areabesos.com\/diario\/wp-json\/wp\/v2\/posts\/4488\/revisions"}],"predecessor-version":[{"id":4490,"href":"https:\/\/www.areabesos.com\/diario\/wp-json\/wp\/v2\/posts\/4488\/revisions\/4490"}],"wp:featuredmedia":[{"embeddable":true,"href":"https:\/\/www.areabesos.com\/diario\/wp-json\/wp\/v2\/media\/4489"}],"wp:attachment":[{"href":"https:\/\/www.areabesos.com\/diario\/wp-json\/wp\/v2\/media?parent=4488"}],"wp:term":[{"taxonomy":"category","embeddable":true,"href":"https:\/\/www.areabesos.com\/diario\/wp-json\/wp\/v2\/categories?post=4488"},{"taxonomy":"post_tag","embeddable":true,"href":"https:\/\/www.areabesos.com\/diario\/wp-json\/wp\/v2\/tags?post=4488"}],"curies":[{"name":"wp","href":"https:\/\/api.w.org\/{rel}","templated":true}]}}