{"id":4485,"date":"2021-12-01T10:44:00","date_gmt":"2021-12-01T09:44:00","guid":{"rendered":"http:\/\/www.areabesos.com\/diario\/?p=4485"},"modified":"2021-12-02T12:48:20","modified_gmt":"2021-12-02T11:48:20","slug":"erc-sant-adria-demana-fer-front-a-la-construccio-de-la-plataforma-logistica-i-lafectacio-del-transit-i-deteriorament-del-barri-de-la-catalana","status":"publish","type":"post","link":"https:\/\/www.areabesos.com\/diario\/erc-sant-adria-demana-fer-front-a-la-construccio-de-la-plataforma-logistica-i-lafectacio-del-transit-i-deteriorament-del-barri-de-la-catalana\/","title":{"rendered":"ERC Sant Adri\u00e0 demana fer front a la construcci\u00f3 de la plataforma log\u00edstica i l\u2019afectaci\u00f3 del tr\u00e0nsit i deteriorament del barri de La Catalana"},"content":{"rendered":"\n<p>El ple de novembre es va iniciar, com es fa&nbsp; des del 30 d\u2019octubre de 2017, amb la posada en coneixement de la sala de plens les dones assassinades per viol\u00e8ncia masclista. Posteriorment, es va realitzar un&nbsp; minut de silenci i la lectura del manifest institucional i del consell municipal de les dones amb motiu del Dia Internacional per a l\u2019Eliminaci\u00f3 de la Viol\u00e8ncia envers les Dones.<\/p>\n\n\n\n<p>La primera moci\u00f3 del ple, presentada de forma conjunta per ERC, SAeC i MES, i que demanava donar suport al 25 de novembre, dia internacional per a l\u2019erradicaci\u00f3 de la viol\u00e8ncia masclista, va ser aprovada amb el vot favorable de tota la corporaci\u00f3, a excepci\u00f3 de C\u2019s, qui va votar en contra d\u2019un dels punts.<\/p>\n\n\n\n<p>Esquerra Republicana va presentar dues mocions. La primera, amb l\u2019adhesi\u00f3 de C\u2019s, SAeC i Movem, en relaci\u00f3 amb la nova normativa que regula l\u2019impost de la plusv\u00e0lua. El regidor d\u2019Esquerra Pol Carri\u00f3n va defensar amb contund\u00e8ncia i determinaci\u00f3 la sobirania dels ajuntaments i el m\u00f3n local, reclamant que els ens locals puguin rebre el finan\u00e7ament adequat per poder fer front a les necessitats dels ciutadans.<\/p>\n\n\n\n<p>La moci\u00f3, que demanava instar al govern de l\u2019estat a crear un fons extraordinari per a compensar la p\u00e8rdua d\u2019ingressos que ocasion\u00e9s aquesta sent\u00e8ncia, i a crear un fons permanent de compensaci\u00f3 en favor dels ajuntaments, va ser aprovada per unanimitat.<\/p>\n\n\n\n<p>La segona moci\u00f3 d\u2019Esquerra Republicana, que va comptar amb l\u2019adhesi\u00f3 de SAeC i MES, demanava fer front als problemes de tr\u00e0nsit, sorolls i deteriorament del barri de La Catalana. Centrada sobretot a buscar solucions viables i les m\u00e9s immediates possibles per fer front al tr\u00e0nsit i deteriorament que pot suposar pel barri la construcci\u00f3 de la plataforma log\u00edstica del gegant Amazon, al barri del Bon Pastor de Barcelona. La defensa va anar a c\u00e0rrec d\u2019en Rub\u00e8n Arenas, portaveu del grup municipal republic\u00e0, qui va dir: \u201c<em>El barri de la catalana fa temps que pateix una situaci\u00f3 de deixadesa, igual que bona part de la ciutat. [&#8230;] De fet, ja s\u00f3n moltes les mocions que ha presentat aquest grup i d\u2019altres partits. La sensaci\u00f3, per\u00f2, \u00e9s que el temps passa i les solucions no arriben<\/em>\u201d.<\/p>\n\n\n\n<p>Als acords, la moci\u00f3 demanava la regulaci\u00f3 del tr\u00e0nsit de vehicles de pes per l\u2019avinguda de la catalana, arranjar amb immediatesa la rotonda de l\u2019avinguda de la Catalana, i encarregar un estudi per a la reordenaci\u00f3 del tr\u00e0nsit al barri, amb l\u2019objectiu de solucionar el problema semaf\u00f2ric que existeix. Aquesta moci\u00f3 tamb\u00e9 va ser aprovada amb el vot un\u00e0nime de tots els grups municipals.<\/p>\n\n\n\n<p><strong>Precs i preguntes<\/strong><\/p>\n\n\n\n<p>Al torn de precs i preguntes, el regidor d\u2019ERC, Jordi Borr\u00e0s, va demanar a l\u2019equip de govern que compartissin de forma transparent i reutilitzables les dades que es recollissin sobre la qualitat sonora de l\u2019aire als barris de La Catalana i Sant Joan Baptista, per tal que aquesta informaci\u00f3 pogu\u00e9s ser accessible i tractable per a qualsevol ciutad\u00e0\/na interessat\/da.<\/p>\n\n\n\n<p>El regidor Rub\u00e8n Arenas va preguntar en refer\u00e8ncia a l\u2019ordenan\u00e7a dels patinets el\u00e8ctrics, ja que tot i haver estat aprovada mesos enrere, encara no havia sigut publicada i, per tant, no havia entrat en vigor.<\/p>\n","protected":false},"excerpt":{"rendered":"<p>El ple de novembre es va iniciar, com es fa&nbsp; des del 30 d\u2019octubre de 2017, amb la posada en coneixement de la sala de plens les dones assassinades per viol\u00e8ncia masclista. Posteriorment, es va realitzar un&nbsp; minut de silenci i la lectura del manifest institucional i del consell municipal de les dones amb motiu [&hellip;]<\/p>\n","protected":false},"author":2,"featured_media":4486,"comment_status":"open","ping_status":"open","sticky":false,"template":"","format":"standard","meta":{"footnotes":""},"categories":[134,135],"tags":[],"class_list":{"0":"post-4485","1":"post","2":"type-post","3":"status-publish","4":"format-standard","5":"has-post-thumbnail","7":"category-actualitat","8":"category-societat"},"_links":{"self":[{"href":"https:\/\/www.areabesos.com\/diario\/wp-json\/wp\/v2\/posts\/4485","targetHints":{"allow":["GET"]}}],"collection":[{"href":"https:\/\/www.areabesos.com\/diario\/wp-json\/wp\/v2\/posts"}],"about":[{"href":"https:\/\/www.areabesos.com\/diario\/wp-json\/wp\/v2\/types\/post"}],"author":[{"embeddable":true,"href":"https:\/\/www.areabesos.com\/diario\/wp-json\/wp\/v2\/users\/2"}],"replies":[{"embeddable":true,"href":"https:\/\/www.areabesos.com\/diario\/wp-json\/wp\/v2\/comments?post=4485"}],"version-history":[{"count":1,"href":"https:\/\/www.areabesos.com\/diario\/wp-json\/wp\/v2\/posts\/4485\/revisions"}],"predecessor-version":[{"id":4487,"href":"https:\/\/www.areabesos.com\/diario\/wp-json\/wp\/v2\/posts\/4485\/revisions\/4487"}],"wp:featuredmedia":[{"embeddable":true,"href":"https:\/\/www.areabesos.com\/diario\/wp-json\/wp\/v2\/media\/4486"}],"wp:attachment":[{"href":"https:\/\/www.areabesos.com\/diario\/wp-json\/wp\/v2\/media?parent=4485"}],"wp:term":[{"taxonomy":"category","embeddable":true,"href":"https:\/\/www.areabesos.com\/diario\/wp-json\/wp\/v2\/categories?post=4485"},{"taxonomy":"post_tag","embeddable":true,"href":"https:\/\/www.areabesos.com\/diario\/wp-json\/wp\/v2\/tags?post=4485"}],"curies":[{"name":"wp","href":"https:\/\/api.w.org\/{rel}","templated":true}]}}